{"id":48076,"date":"2025-08-11T13:34:57","date_gmt":"2025-08-11T10:34:57","guid":{"rendered":"https:\/\/www.egemtv.com\/?p=48076"},"modified":"2025-08-11T13:34:58","modified_gmt":"2025-08-11T10:34:58","slug":"vali-ozkan-kriz-masasinda-calismalari-takip-etti","status":"publish","type":"post","link":"https:\/\/www.egemtv.com\/?p=48076","title":{"rendered":"Vali \u00d6zkan kriz masas\u0131nda \u00e7al\u0131\u015fmalar\u0131 takip etti"},"content":{"rendered":"<p>Manisa Valisi Vahdettin \u00d6zkan, Bal\u0131kesir\u2019in S\u0131nd\u0131rg\u0131 \u0130l\u00e7esinde meydana gelen ve Manisa\u2019da da hissedilen 6.1 b\u00fcy\u00fckl\u00fc\u011f\u00fcndeki deprem sonras\u0131 Akhisar, K\u0131rka\u011fa\u00e7 ve G\u00f6rdes saha incelemesinin ard\u0131ndan Valilik Kriz Merkezinde \u00e7al\u0131\u015fmalar\u0131 takip etti.<br \/>\n<br \/>Deprem dolay\u0131s\u0131yla il genelinde meydana gelen hasara ili\u015fkin depremin ilk an\u0131ndan itibaren y\u00fcr\u00fct\u00fclen saha \u00e7al\u0131\u015fmalar\u0131 hakk\u0131nda bilgi alan Manisa Valisi Vahdettin \u00d6zkan, Afet M\u00fcdahale Plan\u0131n\u0131n h\u0131zl\u0131ca devreye al\u0131nd\u0131\u011f\u0131n\u0131 s\u00f6yledi. Plan kapsam\u0131nda saha \u00e7al\u0131\u015fmalar\u0131n\u0131 y\u00fcr\u00fctmek \u00fczere g\u00f6revli t\u00fcm gruplar\u0131n aksiyon ald\u0131\u011f\u0131n\u0131 ve \u00e7al\u0131\u015fmalar\u0131n titizlikle devam etti\u011fini vurgulad\u0131.<br \/>\n<br \/>Depremin \u00f6nlenemeyece\u011fini ancak deprem \u00f6ncesi, deprem an\u0131 ve deprem sonras\u0131 al\u0131nacak \u00f6nlemler\/ y\u00fcr\u00fct\u00fclecek \u00e7al\u0131\u015fmalar ile afete d\u00f6n\u00fc\u015fmesinin \u00f6nlenebilece\u011fini ifade eden Vali \u00d6zkan, Afet M\u00fcdahale Plan\u0131 kapsam\u0131nda \u00e7al\u0131\u015fma guruplar\u0131 taraf\u0131ndan yap\u0131lacak saha tespitlerinin \u00f6nemini vurgulad\u0131.<br \/>\n<br \/>Vali \u00d6zkan, depremden etkilenen vatanda\u015flara ge\u00e7mi\u015f olsun dileklerini de iletti.<br \/><\/p>\n","protected":false},"excerpt":{"rendered":"<p>Manisa Valisi Vahdettin \u00d6zkan, Bal\u0131kesir\u2019in S\u0131nd\u0131rg\u0131 \u0130l\u00e7esinde meydana gelen ve Manisa\u2019da da hissedilen 6.1 b\u00fcy\u00fckl\u00fc\u011f\u00fcndeki deprem sonras\u0131 Akhisar, K\u0131rka\u011fa\u00e7 ve G\u00f6rdes saha incelemesinin ard\u0131ndan Valilik Kriz Merkezinde \u00e7al\u0131\u015fmalar\u0131 takip etti. Deprem dolay\u0131s\u0131yla il genelinde meydana gelen hasara ili\u015fkin depremin ilk an\u0131ndan itibaren y\u00fcr\u00fct\u00fclen saha \u00e7al\u0131\u015fmalar\u0131 hakk\u0131nda bilgi alan Manisa Valisi Vahdettin \u00d6zkan, Afet M\u00fcdahale Plan\u0131n\u0131n&#8230;<\/p>\n","protected":false},"author":1,"featured_media":48077,"comment_status":"open","ping_status":"open","sticky":false,"template":"","format":"standard","meta":{"_crdt_document":"","footnotes":""},"categories":[5],"tags":[],"class_list":["post-48076","post","type-post","status-publish","format-standard","has-post-thumbnail","hentry","category-asayis"],"_links":{"self":[{"href":"https:\/\/www.egemtv.com\/index.php?rest_route=\/wp\/v2\/posts\/48076","targetHints":{"allow":["GET"]}}],"collection":[{"href":"https:\/\/www.egemtv.com\/index.php?rest_route=\/wp\/v2\/posts"}],"about":[{"href":"https:\/\/www.egemtv.com\/index.php?rest_route=\/wp\/v2\/types\/post"}],"author":[{"embeddable":true,"href":"https:\/\/www.egemtv.com\/index.php?rest_route=\/wp\/v2\/users\/1"}],"replies":[{"embeddable":true,"href":"https:\/\/www.egemtv.com\/index.php?rest_route=%2Fwp%2Fv2%2Fcomments&post=48076"}],"version-history":[{"count":1,"href":"https:\/\/www.egemtv.com\/index.php?rest_route=\/wp\/v2\/posts\/48076\/revisions"}],"predecessor-version":[{"id":48078,"href":"https:\/\/www.egemtv.com\/index.php?rest_route=\/wp\/v2\/posts\/48076\/revisions\/48078"}],"wp:featuredmedia":[{"embeddable":true,"href":"https:\/\/www.egemtv.com\/index.php?rest_route=\/wp\/v2\/media\/48077"}],"wp:attachment":[{"href":"https:\/\/www.egemtv.com\/index.php?rest_route=%2Fwp%2Fv2%2Fmedia&parent=48076"}],"wp:term":[{"taxonomy":"category","embeddable":true,"href":"https:\/\/www.egemtv.com\/index.php?rest_route=%2Fwp%2Fv2%2Fcategories&post=48076"},{"taxonomy":"post_tag","embeddable":true,"href":"https:\/\/www.egemtv.com\/index.php?rest_route=%2Fwp%2Fv2%2Ftags&post=48076"}],"curies":[{"name":"wp","href":"https:\/\/api.w.org\/{rel}","templated":true}]}}