{"id":48010,"date":"2025-08-11T10:54:58","date_gmt":"2025-08-11T07:54:58","guid":{"rendered":"https:\/\/www.egemtv.com\/?p=48010"},"modified":"2025-08-11T10:54:59","modified_gmt":"2025-08-11T07:54:59","slug":"ege-universitesinden-dr-ogr-uyesi-veysel-baya-bagep-2025-odulu","status":"publish","type":"post","link":"https:\/\/www.egemtv.com\/?p=48010","title":{"rendered":"Ege \u00dcniversitesinden Dr. \u00d6\u011fr. \u00dcyesi Veysel Bay\u2019a BAGEP 2025 \u00f6d\u00fcl\u00fc"},"content":{"rendered":"<p>Ege \u00dcniversitesi, bilimsel ba\u015far\u0131lar\u0131yla ad\u0131ndan s\u00f6z ettirmeye devam ediyor. Bilim Akademisi taraf\u0131ndan verilen 2025 Gen\u00e7 Bilim \u0130nsan\u0131 \u00d6d\u00fcl\u00fc (BAGEP), Ziraat M\u00fchendisli\u011fi alan\u0131nda Ege \u00dcniversitesi Ziraat Fak\u00fcltesi Zootekni B\u00f6l\u00fcm\u00fc \u00f6\u011fretim \u00fcyesi Dr. Veysel Bay\u2019a verildi. Dr. Bay, bu \u00f6d\u00fcle Ziraat alan\u0131nda lay\u0131k g\u00f6r\u00fclen ilk bilim insan\u0131 olma unvan\u0131n\u0131 da kazand\u0131. \u00d6d\u00fcl, Dr. Bay\u2019\u0131n hayvan geneti\u011fi, mikrobiyota ara\u015ft\u0131rmalar\u0131 ve s\u00fcrd\u00fcr\u00fclebilir hayvanc\u0131l\u0131k alanlar\u0131nda y\u00fcr\u00fctt\u00fc\u011f\u00fc bilimsel \u00e7al\u0131\u015fmalara dayan\u0131larak takdim edildi.<br \/>\n<br \/>Ege \u00dcniversitesi Rekt\u00f6r\u00fc Prof. Dr. Necdet Budak, Ziraat Fak\u00fcltesi Dekan\u0131 Prof. Dr. \u0130smail Paylan\u2019\u0131 ve Dr. Veysel Bay\u2019\u0131 makam\u0131nda a\u011f\u0131rlayarak tebrik etti.<br \/>\n<br \/>Rekt\u00f6r Prof. Dr. Necdet Budak, &#8220;Bilim, teknoloji ve inovasyonun oda\u011f\u0131nda yer alan ara\u015ft\u0131rma \u00fcniversitemiz ba\u015far\u0131lar\u0131yla ad\u0131ndan s\u00f6z ettirmeye devam ediyor. BAGEP 2025 \u00f6d\u00fclleri kapsam\u0131nda Ziraat M\u00fchendisli\u011fi alan\u0131nda \u00dcniversitemiz \u00f6\u011fretim \u00fcyesi Dr. Veysel Bay, gen\u00e7 bilim insanlar\u0131na verilen en prestijli \u00f6d\u00fcllerden birinin sahibi oldu. Bilim Akademisi, ba\u015far\u0131l\u0131 gen\u00e7 bilim insanlar\u0131n\u0131 \u00f6d\u00fcllendirmeyi, desteklemeyi, bilimde \u00f6nde gelen gen\u00e7lerin tan\u0131nmalar\u0131n\u0131 ve ara\u015ft\u0131rmalar\u0131ndan haberdar olunmas\u0131 ama\u00e7l\u0131yla farkl\u0131 disiplinlerde \u00f6d\u00fcller takdim ediyor. Bilim Akademisi, BAGEP \u00f6d\u00fcllerini yaln\u0131zca bilimsel m\u00fckemmeliyet temelinde de\u011fil, ayn\u0131 zamanda nitelikli, kapsay\u0131c\u0131 ve etik de\u011ferlere dayal\u0131 ara\u015ft\u0131rma k\u00fclt\u00fcr\u00fcn\u00fc te\u015fvik etmek amac\u0131yla da veriyor. Bu yakla\u015f\u0131m, Akademi\u2019nin 2022 y\u0131l\u0131nda imzac\u0131s\u0131 oldu\u011fu Ara\u015ft\u0131rma De\u011ferlendirme Reformu Avrupa Mutabakat\u0131 (CoARA) ile de uyumludur. Akademi, \u00f6d\u00fcl ve se\u00e7im s\u00fcre\u00e7lerinde yaln\u0131zca niceliksel g\u00f6stergelere de\u011fil, ara\u015ft\u0131rmac\u0131n\u0131n katk\u0131 \u00e7e\u015fitlili\u011fini, \u00f6zg\u00fcnl\u00fc\u011f\u00fcn\u00fc ve disiplinler aras\u0131 etkisini merkeze alan niteliksel de\u011ferlendirme ilkesini benimsemektedir. \u00d6d\u00fcl, iki y\u0131l boyunca sa\u011flanan ara\u015ft\u0131rma deste\u011fi ile gen\u00e7 akademisyenlerin ba\u011f\u0131ms\u0131z ve yarat\u0131c\u0131 ara\u015ft\u0131rmalar\u0131n\u0131 te\u015fvik etmeyi hedeflemektedir. Bu kapsamda Ziraat Alan\u0131nda \u00f6nc\u00fc ara\u015ft\u0131rma yaparak \u00f6d\u00fcle lay\u0131k g\u00f6r\u00fclen gen\u00e7 akademisyenimiz Dr. Veysel Bay\u2019\u0131 y\u00fcrekten kutluyor, ba\u015far\u0131lar\u0131n\u0131n devam\u0131n\u0131 diliyorum&#8221; dedi.<br \/>\n<br \/>BAGEP program\u0131 kapsam\u0131nda 2013 y\u0131l\u0131ndan bug\u00fcne kadar toplam 475 gen\u00e7 ara\u015ft\u0131rmac\u0131 desteklendi.  2025 y\u0131l\u0131nda ise 38 bilim insan\u0131 daha bu prestijli \u00f6d\u00fcle lay\u0131k g\u00f6r\u00fcld\u00fc.<br \/><\/p>\n","protected":false},"excerpt":{"rendered":"<p>Ege \u00dcniversitesi, bilimsel ba\u015far\u0131lar\u0131yla ad\u0131ndan s\u00f6z ettirmeye devam ediyor. Bilim Akademisi taraf\u0131ndan verilen 2025 Gen\u00e7 Bilim \u0130nsan\u0131 \u00d6d\u00fcl\u00fc (BAGEP), Ziraat M\u00fchendisli\u011fi alan\u0131nda Ege \u00dcniversitesi Ziraat Fak\u00fcltesi Zootekni B\u00f6l\u00fcm\u00fc \u00f6\u011fretim \u00fcyesi Dr. Veysel Bay\u2019a verildi. Dr. Bay, bu \u00f6d\u00fcle Ziraat alan\u0131nda lay\u0131k g\u00f6r\u00fclen ilk bilim insan\u0131 olma unvan\u0131n\u0131 da kazand\u0131. \u00d6d\u00fcl, Dr. Bay\u2019\u0131n hayvan geneti\u011fi, mikrobiyota&#8230;<\/p>\n","protected":false},"author":1,"featured_media":48011,"comment_status":"open","ping_status":"open","sticky":false,"template":"","format":"standard","meta":{"_crdt_document":"","footnotes":""},"categories":[1],"tags":[],"class_list":["post-48010","post","type-post","status-publish","format-standard","has-post-thumbnail","hentry","category-guncel"],"_links":{"self":[{"href":"https:\/\/www.egemtv.com\/index.php?rest_route=\/wp\/v2\/posts\/48010","targetHints":{"allow":["GET"]}}],"collection":[{"href":"https:\/\/www.egemtv.com\/index.php?rest_route=\/wp\/v2\/posts"}],"about":[{"href":"https:\/\/www.egemtv.com\/index.php?rest_route=\/wp\/v2\/types\/post"}],"author":[{"embeddable":true,"href":"https:\/\/www.egemtv.com\/index.php?rest_route=\/wp\/v2\/users\/1"}],"replies":[{"embeddable":true,"href":"https:\/\/www.egemtv.com\/index.php?rest_route=%2Fwp%2Fv2%2Fcomments&post=48010"}],"version-history":[{"count":1,"href":"https:\/\/www.egemtv.com\/index.php?rest_route=\/wp\/v2\/posts\/48010\/revisions"}],"predecessor-version":[{"id":48012,"href":"https:\/\/www.egemtv.com\/index.php?rest_route=\/wp\/v2\/posts\/48010\/revisions\/48012"}],"wp:featuredmedia":[{"embeddable":true,"href":"https:\/\/www.egemtv.com\/index.php?rest_route=\/wp\/v2\/media\/48011"}],"wp:attachment":[{"href":"https:\/\/www.egemtv.com\/index.php?rest_route=%2Fwp%2Fv2%2Fmedia&parent=48010"}],"wp:term":[{"taxonomy":"category","embeddable":true,"href":"https:\/\/www.egemtv.com\/index.php?rest_route=%2Fwp%2Fv2%2Fcategories&post=48010"},{"taxonomy":"post_tag","embeddable":true,"href":"https:\/\/www.egemtv.com\/index.php?rest_route=%2Fwp%2Fv2%2Ftags&post=48010"}],"curies":[{"name":"wp","href":"https:\/\/api.w.org\/{rel}","templated":true}]}}