{"id":48007,"date":"2025-08-11T10:34:54","date_gmt":"2025-08-11T07:34:54","guid":{"rendered":"https:\/\/www.egemtv.com\/?p=48007"},"modified":"2025-08-11T10:34:55","modified_gmt":"2025-08-11T07:34:55","slug":"efelerde-pazar-yerlerinde-fiyat-etiketi-denetimi","status":"publish","type":"post","link":"https:\/\/www.egemtv.com\/?p=48007","title":{"rendered":"Efeler\u2019de pazar yerlerinde fiyat etiketi denetimi"},"content":{"rendered":"<p>Ayd\u0131n\u2019\u0131n Efeler il\u00e7esinde belediye zab\u0131ta m\u00fcd\u00fcrl\u00fc\u011f\u00fc ekipleri pazar yerlerinde fiyat etiketi denetimlerini aral\u0131ks\u0131z s\u00fcrd\u00fcr\u00fcyor.<\/p>\n<p>T\u00fcketici haklar\u0131n\u0131 korumak, \u015feffafl\u0131\u011f\u0131 sa\u011flamak ve haks\u0131z rekabeti \u00f6nlemek amac\u0131yla y\u00fcr\u00fct\u00fclen \u00e7al\u0131\u015fmalarda, pazar tezgahlar\u0131nda \u00fcr\u00fcnlerin g\u00f6r\u00fclebilir \u015fekilde fiyat etiketlerinin bulunup bulunmad\u0131\u011f\u0131 tek tek kontrol ediliyor. Denetimlerde, \u00fcr\u00fcnlerinde fiyat etiketi bulundurmayan esnafa yasal i\u015flem uygulan\u0131yor. Zab\u0131ta ekipleri fiyat etiketi uygulamas\u0131n\u0131n yaln\u0131zca yasal bir zorunluluk de\u011fil, ayn\u0131 zamanda t\u00fcketicinin g\u00fcvenli al\u0131\u015fveri\u015f yapabilmesi i\u00e7in temel bir gereklilik oldu\u011funu vurgularken, vatanda\u015flardan da g\u00f6rd\u00fckleri olumsuzluklar\u0131 belediyeye bildirmelerini istedi.<br \/><\/p>\n","protected":false},"excerpt":{"rendered":"<p>Ayd\u0131n\u2019\u0131n Efeler il\u00e7esinde belediye zab\u0131ta m\u00fcd\u00fcrl\u00fc\u011f\u00fc ekipleri pazar yerlerinde fiyat etiketi denetimlerini aral\u0131ks\u0131z s\u00fcrd\u00fcr\u00fcyor. T\u00fcketici haklar\u0131n\u0131 korumak, \u015feffafl\u0131\u011f\u0131 sa\u011flamak ve haks\u0131z rekabeti \u00f6nlemek amac\u0131yla y\u00fcr\u00fct\u00fclen \u00e7al\u0131\u015fmalarda, pazar tezgahlar\u0131nda \u00fcr\u00fcnlerin g\u00f6r\u00fclebilir \u015fekilde fiyat etiketlerinin bulunup bulunmad\u0131\u011f\u0131 tek tek kontrol ediliyor. Denetimlerde, \u00fcr\u00fcnlerinde fiyat etiketi bulundurmayan esnafa yasal i\u015flem uygulan\u0131yor. Zab\u0131ta ekipleri fiyat etiketi uygulamas\u0131n\u0131n yaln\u0131zca yasal&#8230;<\/p>\n","protected":false},"author":1,"featured_media":48008,"comment_status":"open","ping_status":"open","sticky":false,"template":"","format":"standard","meta":{"_crdt_document":"","footnotes":""},"categories":[1],"tags":[],"class_list":["post-48007","post","type-post","status-publish","format-standard","has-post-thumbnail","hentry","category-guncel"],"_links":{"self":[{"href":"https:\/\/www.egemtv.com\/index.php?rest_route=\/wp\/v2\/posts\/48007","targetHints":{"allow":["GET"]}}],"collection":[{"href":"https:\/\/www.egemtv.com\/index.php?rest_route=\/wp\/v2\/posts"}],"about":[{"href":"https:\/\/www.egemtv.com\/index.php?rest_route=\/wp\/v2\/types\/post"}],"author":[{"embeddable":true,"href":"https:\/\/www.egemtv.com\/index.php?rest_route=\/wp\/v2\/users\/1"}],"replies":[{"embeddable":true,"href":"https:\/\/www.egemtv.com\/index.php?rest_route=%2Fwp%2Fv2%2Fcomments&post=48007"}],"version-history":[{"count":1,"href":"https:\/\/www.egemtv.com\/index.php?rest_route=\/wp\/v2\/posts\/48007\/revisions"}],"predecessor-version":[{"id":48009,"href":"https:\/\/www.egemtv.com\/index.php?rest_route=\/wp\/v2\/posts\/48007\/revisions\/48009"}],"wp:featuredmedia":[{"embeddable":true,"href":"https:\/\/www.egemtv.com\/index.php?rest_route=\/wp\/v2\/media\/48008"}],"wp:attachment":[{"href":"https:\/\/www.egemtv.com\/index.php?rest_route=%2Fwp%2Fv2%2Fmedia&parent=48007"}],"wp:term":[{"taxonomy":"category","embeddable":true,"href":"https:\/\/www.egemtv.com\/index.php?rest_route=%2Fwp%2Fv2%2Fcategories&post=48007"},{"taxonomy":"post_tag","embeddable":true,"href":"https:\/\/www.egemtv.com\/index.php?rest_route=%2Fwp%2Fv2%2Ftags&post=48007"}],"curies":[{"name":"wp","href":"https:\/\/api.w.org\/{rel}","templated":true}]}}