{"id":48004,"date":"2025-08-11T10:34:53","date_gmt":"2025-08-11T07:34:53","guid":{"rendered":"https:\/\/www.egemtv.com\/?p=48004"},"modified":"2025-08-11T10:34:54","modified_gmt":"2025-08-11T07:34:54","slug":"aydin-afad-egitimlerinde-hiz-kesmiyor","status":"publish","type":"post","link":"https:\/\/www.egemtv.com\/?p=48004","title":{"rendered":"Ayd\u0131n AFAD e\u011fitimlerinde h\u0131z kesmiyor"},"content":{"rendered":"<p>Ayd\u0131n \u0130l Afet ve Acil Durum M\u00fcd\u00fcrl\u00fc\u011f\u00fc (AFAD) afetlere haz\u0131rl\u0131k kapsam\u0131nda e\u011fitim faaliyetleri h\u0131z kesmeden devam ederken, Acil Sivil Arama Kurtarma Derne\u011fi (ASAK) Ayd\u0131n Temsilcili\u011fi ve ANDA Arama Kurtarma Ekibi \u00fcyelerine uygulamal\u0131 e\u011fitim verdi.<br \/>\n<br \/>Ayd\u0131n\u2019da kurumlar aras\u0131 i\u015fbirli\u011fi ile y\u00fcr\u00fct\u00fclen haz\u0131rl\u0131k \u00e7al\u0131\u015fmalar\u0131, ilin afetlere kar\u015f\u0131 daha diren\u00e7li hale getirilmesi ad\u0131na kararl\u0131l\u0131kla s\u00fcrd\u00fcr\u00fcl\u00fcyor. Bu kapsamda AFAD Ayd\u0131n \u0130l M\u00fcd\u00fcrl\u00fc\u011f\u00fc\u2019ne ba\u011fl\u0131 uzman personeller de afetlere haz\u0131rl\u0131k e\u011fitimlerine devam ediyor. \u0130l genelindeki bir\u00e7ok kamu kurum ve kurulu\u015flar\u0131, dernekler, odalar ve Sivil Toplum Kurulu\u015flar\u0131\u2019na y\u00f6nelik verilen e\u011fitimlerde afet \u00f6ncesi, s\u0131ras\u0131 ve sonras\u0131nda yap\u0131lmas\u0131 gerekenler anlat\u0131l\u0131rken, temel arama kurtarma teknikleri, enkaz alt\u0131nda kalanlara ula\u015f\u0131m, g\u00fcvenlik \u00f6nlemleri ve tahliye y\u00f6ntemleri gibi konular da yer al\u0131yor. Son olarak Acil Sivil Arama Kurtarma Derne\u011fi (ASAK) Ayd\u0131n Temsilcili\u011fi ve ANDA Arama Kurtarma Ekibi \u00fcyeleri ile bir araya gelen AFAD ekipleri, kat\u0131l\u0131mc\u0131lara e\u011fitim parkurunda uygulamal\u0131 olarak enkaza giri\u015f teknikleri, k\u00fctle kald\u0131rma ve kirli giri\u015f tekni\u011fi konular\u0131nda temel e\u011fitim verdi. Afet an\u0131nda etkin m\u00fcdahaleyi sa\u011flamak amac\u0131yla e\u011fitimlerin aral\u0131ks\u0131z devam edece\u011fi \u00f6\u011frenildi.<br \/>\n<br \/>Konu ile ilgili AFAD Ayd\u0131n \u0130l M\u00fcd\u00fcrl\u00fc\u011f\u00fc\u2019nden yap\u0131lan a\u00e7\u0131klamada &#8220;E\u011fitmenlerimiz taraf\u0131ndan ASAK Ayd\u0131n Temsilcili\u011fi g\u00f6n\u00fcll\u00fc adaylar\u0131yla tan\u0131\u015fma, kurum ve ara\u00e7 tan\u0131t\u0131m\u0131 ile bilgilendirme toplant\u0131lar\u0131 d\u00fczenlenmi\u015ftir. Ayr\u0131ca, \u0130l M\u00fcd\u00fcrl\u00fc\u011f\u00fcm\u00fcz e\u011fitim parkurunda akredite ekiplerimizden ANDA Arama Kurtarma Ekibi, yeni kat\u0131l\u0131m sa\u011flayan personelleri ile birlikte enkaza giri\u015f teknikleri, k\u00fctle kald\u0131rma ve kirli giri\u015f tekni\u011fi konular\u0131nda uygulamal\u0131 e\u011fitim \u00e7al\u0131\u015fmalar\u0131 ger\u00e7ekle\u015ftirmi\u015ftir&#8221; ifadeleri yer ald\u0131.<br \/><\/p>\n","protected":false},"excerpt":{"rendered":"<p>Ayd\u0131n \u0130l Afet ve Acil Durum M\u00fcd\u00fcrl\u00fc\u011f\u00fc (AFAD) afetlere haz\u0131rl\u0131k kapsam\u0131nda e\u011fitim faaliyetleri h\u0131z kesmeden devam ederken, Acil Sivil Arama Kurtarma Derne\u011fi (ASAK) Ayd\u0131n Temsilcili\u011fi ve ANDA Arama Kurtarma Ekibi \u00fcyelerine uygulamal\u0131 e\u011fitim verdi. Ayd\u0131n\u2019da kurumlar aras\u0131 i\u015fbirli\u011fi ile y\u00fcr\u00fct\u00fclen haz\u0131rl\u0131k \u00e7al\u0131\u015fmalar\u0131, ilin afetlere kar\u015f\u0131 daha diren\u00e7li hale getirilmesi ad\u0131na kararl\u0131l\u0131kla s\u00fcrd\u00fcr\u00fcl\u00fcyor. Bu kapsamda AFAD&#8230;<\/p>\n","protected":false},"author":1,"featured_media":48005,"comment_status":"open","ping_status":"open","sticky":false,"template":"","format":"standard","meta":{"_crdt_document":"","footnotes":""},"categories":[1],"tags":[],"class_list":["post-48004","post","type-post","status-publish","format-standard","has-post-thumbnail","hentry","category-guncel"],"_links":{"self":[{"href":"https:\/\/www.egemtv.com\/index.php?rest_route=\/wp\/v2\/posts\/48004","targetHints":{"allow":["GET"]}}],"collection":[{"href":"https:\/\/www.egemtv.com\/index.php?rest_route=\/wp\/v2\/posts"}],"about":[{"href":"https:\/\/www.egemtv.com\/index.php?rest_route=\/wp\/v2\/types\/post"}],"author":[{"embeddable":true,"href":"https:\/\/www.egemtv.com\/index.php?rest_route=\/wp\/v2\/users\/1"}],"replies":[{"embeddable":true,"href":"https:\/\/www.egemtv.com\/index.php?rest_route=%2Fwp%2Fv2%2Fcomments&post=48004"}],"version-history":[{"count":1,"href":"https:\/\/www.egemtv.com\/index.php?rest_route=\/wp\/v2\/posts\/48004\/revisions"}],"predecessor-version":[{"id":48006,"href":"https:\/\/www.egemtv.com\/index.php?rest_route=\/wp\/v2\/posts\/48004\/revisions\/48006"}],"wp:featuredmedia":[{"embeddable":true,"href":"https:\/\/www.egemtv.com\/index.php?rest_route=\/wp\/v2\/media\/48005"}],"wp:attachment":[{"href":"https:\/\/www.egemtv.com\/index.php?rest_route=%2Fwp%2Fv2%2Fmedia&parent=48004"}],"wp:term":[{"taxonomy":"category","embeddable":true,"href":"https:\/\/www.egemtv.com\/index.php?rest_route=%2Fwp%2Fv2%2Fcategories&post=48004"},{"taxonomy":"post_tag","embeddable":true,"href":"https:\/\/www.egemtv.com\/index.php?rest_route=%2Fwp%2Fv2%2Ftags&post=48004"}],"curies":[{"name":"wp","href":"https:\/\/api.w.org\/{rel}","templated":true}]}}