{"id":48001,"date":"2025-08-11T10:34:53","date_gmt":"2025-08-11T07:34:53","guid":{"rendered":"https:\/\/www.egemtv.com\/?p=48001"},"modified":"2025-08-11T10:34:53","modified_gmt":"2025-08-11T07:34:53","slug":"sindirgidaki-depremi-hissederek-hizla-uzaklasan-kedi-kameralara-yansidi","status":"publish","type":"post","link":"https:\/\/www.egemtv.com\/?p=48001","title":{"rendered":"S\u0131nd\u0131rg\u0131\u2019daki depremi hissederek h\u0131zla uzakla\u015fan kedi kameralara yans\u0131d\u0131"},"content":{"rendered":"<p>Bal\u0131kesir\u2019in S\u0131nd\u0131rg\u0131 il\u00e7esinde meydana gelen ve K\u00fctahya\u2019n\u0131n Hisarc\u0131k il\u00e7esinde de hissedilen 6,1 b\u00fcy\u00fckl\u00fc\u011f\u00fcndeki depremi hissederek ka\u00e7\u0131p uzakla\u015fan bir kedi, sitenin g\u00fcvenlik kameralar\u0131na yans\u0131d\u0131.<br \/>\n<br \/>S\u0131nd\u0131rg\u0131\u2019da 19.53\u2019te meydana gelen deprem an\u0131nda ya\u015fananlar, Hisarc\u0131k Yenido\u011fan Mahallesi\u2019ndeki Etikent sitesinin g\u00fcvenlik kameralar\u0131na saniye saniye yans\u0131d\u0131. G\u00f6r\u00fcnt\u00fclerde, depremden k\u0131sa s\u00fcre \u00f6nce ortaya \u00e7\u0131kan bir sokak kedisinin depremin ba\u015flamas\u0131yla bir s\u00fcre bekleyip, depremin \u015fiddetini artt\u0131rmas\u0131yla ko\u015farak uzakla\u015ft\u0131\u011f\u0131 g\u00f6r\u00fcld\u00fc.<br \/><\/p>\n","protected":false},"excerpt":{"rendered":"<p>Bal\u0131kesir\u2019in S\u0131nd\u0131rg\u0131 il\u00e7esinde meydana gelen ve K\u00fctahya\u2019n\u0131n Hisarc\u0131k il\u00e7esinde de hissedilen 6,1 b\u00fcy\u00fckl\u00fc\u011f\u00fcndeki depremi hissederek ka\u00e7\u0131p uzakla\u015fan bir kedi, sitenin g\u00fcvenlik kameralar\u0131na yans\u0131d\u0131. S\u0131nd\u0131rg\u0131\u2019da 19.53\u2019te meydana gelen deprem an\u0131nda ya\u015fananlar, Hisarc\u0131k Yenido\u011fan Mahallesi\u2019ndeki Etikent sitesinin g\u00fcvenlik kameralar\u0131na saniye saniye yans\u0131d\u0131. G\u00f6r\u00fcnt\u00fclerde, depremden k\u0131sa s\u00fcre \u00f6nce ortaya \u00e7\u0131kan bir sokak kedisinin depremin ba\u015flamas\u0131yla bir s\u00fcre bekleyip,&#8230;<\/p>\n","protected":false},"author":1,"featured_media":48002,"comment_status":"open","ping_status":"open","sticky":false,"template":"","format":"standard","meta":{"_crdt_document":"","footnotes":""},"categories":[5],"tags":[],"class_list":["post-48001","post","type-post","status-publish","format-standard","has-post-thumbnail","hentry","category-asayis"],"_links":{"self":[{"href":"https:\/\/www.egemtv.com\/index.php?rest_route=\/wp\/v2\/posts\/48001","targetHints":{"allow":["GET"]}}],"collection":[{"href":"https:\/\/www.egemtv.com\/index.php?rest_route=\/wp\/v2\/posts"}],"about":[{"href":"https:\/\/www.egemtv.com\/index.php?rest_route=\/wp\/v2\/types\/post"}],"author":[{"embeddable":true,"href":"https:\/\/www.egemtv.com\/index.php?rest_route=\/wp\/v2\/users\/1"}],"replies":[{"embeddable":true,"href":"https:\/\/www.egemtv.com\/index.php?rest_route=%2Fwp%2Fv2%2Fcomments&post=48001"}],"version-history":[{"count":1,"href":"https:\/\/www.egemtv.com\/index.php?rest_route=\/wp\/v2\/posts\/48001\/revisions"}],"predecessor-version":[{"id":48003,"href":"https:\/\/www.egemtv.com\/index.php?rest_route=\/wp\/v2\/posts\/48001\/revisions\/48003"}],"wp:featuredmedia":[{"embeddable":true,"href":"https:\/\/www.egemtv.com\/index.php?rest_route=\/wp\/v2\/media\/48002"}],"wp:attachment":[{"href":"https:\/\/www.egemtv.com\/index.php?rest_route=%2Fwp%2Fv2%2Fmedia&parent=48001"}],"wp:term":[{"taxonomy":"category","embeddable":true,"href":"https:\/\/www.egemtv.com\/index.php?rest_route=%2Fwp%2Fv2%2Fcategories&post=48001"},{"taxonomy":"post_tag","embeddable":true,"href":"https:\/\/www.egemtv.com\/index.php?rest_route=%2Fwp%2Fv2%2Ftags&post=48001"}],"curies":[{"name":"wp","href":"https:\/\/api.w.org\/{rel}","templated":true}]}}