{"id":47998,"date":"2025-08-11T10:15:00","date_gmt":"2025-08-11T07:15:00","guid":{"rendered":"https:\/\/www.egemtv.com\/?p=47998"},"modified":"2025-08-11T10:15:01","modified_gmt":"2025-08-11T07:15:01","slug":"baskan-arici-cocuklara-verdigi-sozu-tuttu","status":"publish","type":"post","link":"https:\/\/www.egemtv.com\/?p=47998","title":{"rendered":"Ba\u015fkan Ar\u0131c\u0131 \u00e7ocuklara verdi\u011fi s\u00f6z\u00fc tuttu"},"content":{"rendered":"<p>Daha \u00f6nceki il\u00e7e ziyaretlerinde kendisine gelen sinema talebine kar\u015f\u0131l\u0131k s\u00f6z verdi\u011fi etkinli\u011fi yerine getiren Ko\u00e7arl\u0131 Belediye Ba\u015fkan\u0131 \u00d6zg\u00fcr Ar\u0131c\u0131, 24 \u00e7ocu\u011fu sinemaya g\u00f6t\u00fcrd\u00fc.<br \/>\n<br \/>Ko\u00e7arl\u0131 Belediye Ba\u015fkan\u0131 \u00d6zg\u00fcr Ar\u0131c\u0131 il\u00e7ede ya\u015fayan 24 \u00e7ocu\u011fu sinema etkinli\u011fiyle bulu\u015fturdu. \u00c7ocuklar\u0131n bir k\u0131sm\u0131 ilk kez sinemaya gitmenin heyecan\u0131n\u0131 ya\u015farken, Ba\u015fkan Ar\u0131c\u0131 etkinlikte onlar\u0131 yaln\u0131z b\u0131rakmad\u0131. Ayd\u0131n\u2019daki bir al\u0131\u015f-veri\u015f merkezindeki sinemada ger\u00e7ekle\u015fen etkinlikte \u00e7ocuklar, \u015eirinler filmini izledi ve ard\u0131ndan hamburger ikram\u0131yla g\u00fcnlerini keyifle tamamlad\u0131. Etkinlik boyunca \u00e7ocuklar\u0131n mutlulu\u011fu y\u00fczlerinden okunurken, aileler de Ba\u015fkan Ar\u0131c\u0131\u2019ya bu duyarl\u0131 davran\u0131\u015f\u0131ndan dolay\u0131 te\u015fekk\u00fcr etti.<br \/><\/p>\n","protected":false},"excerpt":{"rendered":"<p>Daha \u00f6nceki il\u00e7e ziyaretlerinde kendisine gelen sinema talebine kar\u015f\u0131l\u0131k s\u00f6z verdi\u011fi etkinli\u011fi yerine getiren Ko\u00e7arl\u0131 Belediye Ba\u015fkan\u0131 \u00d6zg\u00fcr Ar\u0131c\u0131, 24 \u00e7ocu\u011fu sinemaya g\u00f6t\u00fcrd\u00fc. Ko\u00e7arl\u0131 Belediye Ba\u015fkan\u0131 \u00d6zg\u00fcr Ar\u0131c\u0131 il\u00e7ede ya\u015fayan 24 \u00e7ocu\u011fu sinema etkinli\u011fiyle bulu\u015fturdu. \u00c7ocuklar\u0131n bir k\u0131sm\u0131 ilk kez sinemaya gitmenin heyecan\u0131n\u0131 ya\u015farken, Ba\u015fkan Ar\u0131c\u0131 etkinlikte onlar\u0131 yaln\u0131z b\u0131rakmad\u0131. Ayd\u0131n\u2019daki bir al\u0131\u015f-veri\u015f merkezindeki sinemada&#8230;<\/p>\n","protected":false},"author":1,"featured_media":47999,"comment_status":"open","ping_status":"open","sticky":false,"template":"","format":"standard","meta":{"_crdt_document":"","footnotes":""},"categories":[1],"tags":[],"class_list":["post-47998","post","type-post","status-publish","format-standard","has-post-thumbnail","hentry","category-guncel"],"_links":{"self":[{"href":"https:\/\/www.egemtv.com\/index.php?rest_route=\/wp\/v2\/posts\/47998","targetHints":{"allow":["GET"]}}],"collection":[{"href":"https:\/\/www.egemtv.com\/index.php?rest_route=\/wp\/v2\/posts"}],"about":[{"href":"https:\/\/www.egemtv.com\/index.php?rest_route=\/wp\/v2\/types\/post"}],"author":[{"embeddable":true,"href":"https:\/\/www.egemtv.com\/index.php?rest_route=\/wp\/v2\/users\/1"}],"replies":[{"embeddable":true,"href":"https:\/\/www.egemtv.com\/index.php?rest_route=%2Fwp%2Fv2%2Fcomments&post=47998"}],"version-history":[{"count":1,"href":"https:\/\/www.egemtv.com\/index.php?rest_route=\/wp\/v2\/posts\/47998\/revisions"}],"predecessor-version":[{"id":48000,"href":"https:\/\/www.egemtv.com\/index.php?rest_route=\/wp\/v2\/posts\/47998\/revisions\/48000"}],"wp:featuredmedia":[{"embeddable":true,"href":"https:\/\/www.egemtv.com\/index.php?rest_route=\/wp\/v2\/media\/47999"}],"wp:attachment":[{"href":"https:\/\/www.egemtv.com\/index.php?rest_route=%2Fwp%2Fv2%2Fmedia&parent=47998"}],"wp:term":[{"taxonomy":"category","embeddable":true,"href":"https:\/\/www.egemtv.com\/index.php?rest_route=%2Fwp%2Fv2%2Fcategories&post=47998"},{"taxonomy":"post_tag","embeddable":true,"href":"https:\/\/www.egemtv.com\/index.php?rest_route=%2Fwp%2Fv2%2Ftags&post=47998"}],"curies":[{"name":"wp","href":"https:\/\/api.w.org\/{rel}","templated":true}]}}