{"id":47995,"date":"2025-08-11T10:14:59","date_gmt":"2025-08-11T07:14:59","guid":{"rendered":"https:\/\/www.egemtv.com\/?p=47995"},"modified":"2025-08-11T10:15:00","modified_gmt":"2025-08-11T07:15:00","slug":"yilki-atlari-dogal-yasam-ortamlarinda-havadan-goruntulendi","status":"publish","type":"post","link":"https:\/\/www.egemtv.com\/?p=47995","title":{"rendered":"Y\u0131lk\u0131 atlar\u0131 do\u011fal ya\u015fam ortamlar\u0131nda havadan g\u00f6r\u00fcnt\u00fclendi"},"content":{"rendered":"<p>Afyonkarahisar\u2019da \u00fcrkeklikleri ile bilinen y\u0131lk\u0131 atlar\u0131n\u0131n dron ile havadan \u00e7ekilen g\u00f6r\u00fcnt\u00fcleri g\u00f6renleri mest etti.<br \/>\n<br \/>Emirda\u011f il\u00e7esinin 2 bin 300 rak\u0131ml\u0131 Yellibel Yaylas\u0131\u2019ndaki y\u0131lk\u0131 atlar\u0131 do\u011fal ya\u015fam ortamlar\u0131nda g\u00f6r\u00fcnt\u00fclendi. \u00dcrkeklikleri ile bilinen ve yaylan\u0131n adeta sembollerinden birisi haline gelen y\u0131lk\u0131 atlar\u0131n\u0131n s\u00fcr\u00fc halindeki g\u00f6r\u00fcnt\u00fcs\u00fc ilgin\u00e7 bir manzara olu\u015fturdu. Atlar\u0131n s\u00fcrekli hareket halinde olmalar\u0131 bir ba\u015fka dikkat \u00e7ekici konu oldu. Ayr\u0131ca, yeti\u015fkin atlar\u0131n\u0131 yavrular\u0131n\u0131 bir an olsun yaln\u0131z b\u0131rakmamas\u0131 ise g\u00f6renleri g\u00fcl\u00fcmsetti.<br \/><\/p>\n","protected":false},"excerpt":{"rendered":"<p>Afyonkarahisar\u2019da \u00fcrkeklikleri ile bilinen y\u0131lk\u0131 atlar\u0131n\u0131n dron ile havadan \u00e7ekilen g\u00f6r\u00fcnt\u00fcleri g\u00f6renleri mest etti. Emirda\u011f il\u00e7esinin 2 bin 300 rak\u0131ml\u0131 Yellibel Yaylas\u0131\u2019ndaki y\u0131lk\u0131 atlar\u0131 do\u011fal ya\u015fam ortamlar\u0131nda g\u00f6r\u00fcnt\u00fclendi. \u00dcrkeklikleri ile bilinen ve yaylan\u0131n adeta sembollerinden birisi haline gelen y\u0131lk\u0131 atlar\u0131n\u0131n s\u00fcr\u00fc halindeki g\u00f6r\u00fcnt\u00fcs\u00fc ilgin\u00e7 bir manzara olu\u015fturdu. Atlar\u0131n s\u00fcrekli hareket halinde olmalar\u0131 bir ba\u015fka dikkat&#8230;<\/p>\n","protected":false},"author":1,"featured_media":47996,"comment_status":"open","ping_status":"open","sticky":false,"template":"","format":"standard","meta":{"_crdt_document":"","footnotes":""},"categories":[123],"tags":[],"class_list":["post-47995","post","type-post","status-publish","format-standard","has-post-thumbnail","hentry","category-gundem"],"_links":{"self":[{"href":"https:\/\/www.egemtv.com\/index.php?rest_route=\/wp\/v2\/posts\/47995","targetHints":{"allow":["GET"]}}],"collection":[{"href":"https:\/\/www.egemtv.com\/index.php?rest_route=\/wp\/v2\/posts"}],"about":[{"href":"https:\/\/www.egemtv.com\/index.php?rest_route=\/wp\/v2\/types\/post"}],"author":[{"embeddable":true,"href":"https:\/\/www.egemtv.com\/index.php?rest_route=\/wp\/v2\/users\/1"}],"replies":[{"embeddable":true,"href":"https:\/\/www.egemtv.com\/index.php?rest_route=%2Fwp%2Fv2%2Fcomments&post=47995"}],"version-history":[{"count":1,"href":"https:\/\/www.egemtv.com\/index.php?rest_route=\/wp\/v2\/posts\/47995\/revisions"}],"predecessor-version":[{"id":47997,"href":"https:\/\/www.egemtv.com\/index.php?rest_route=\/wp\/v2\/posts\/47995\/revisions\/47997"}],"wp:featuredmedia":[{"embeddable":true,"href":"https:\/\/www.egemtv.com\/index.php?rest_route=\/wp\/v2\/media\/47996"}],"wp:attachment":[{"href":"https:\/\/www.egemtv.com\/index.php?rest_route=%2Fwp%2Fv2%2Fmedia&parent=47995"}],"wp:term":[{"taxonomy":"category","embeddable":true,"href":"https:\/\/www.egemtv.com\/index.php?rest_route=%2Fwp%2Fv2%2Fcategories&post=47995"},{"taxonomy":"post_tag","embeddable":true,"href":"https:\/\/www.egemtv.com\/index.php?rest_route=%2Fwp%2Fv2%2Ftags&post=47995"}],"curies":[{"name":"wp","href":"https:\/\/api.w.org\/{rel}","templated":true}]}}