{"id":47992,"date":"2025-08-11T10:14:57","date_gmt":"2025-08-11T07:14:57","guid":{"rendered":"https:\/\/www.egemtv.com\/?p=47992"},"modified":"2025-08-11T10:14:59","modified_gmt":"2025-08-11T07:14:59","slug":"reklam-ajansi-sahibi-kazada-yasamini-yitirdi","status":"publish","type":"post","link":"https:\/\/www.egemtv.com\/?p=47992","title":{"rendered":"Reklam ajans\u0131 sahibi kazada ya\u015fam\u0131n\u0131 yitirdi"},"content":{"rendered":"<p>Denizli\u2019de i\u015fletmelere sosyal medya reklam dan\u0131\u015fmanl\u0131\u011f\u0131 hizmeti veren gen\u00e7 firma sahibi motosiklet ile yapt\u0131\u011f\u0131 kazada ya\u015fam\u0131n\u0131 yitirdi.<br \/>\n<br \/>Kaza, d\u00fcn ak\u015fam saatlerinde Pamukkale il\u00e7esi Mehmet\u00e7ik Mahallesi\u2019nde meydana geldi. Edinilen bilgilere g\u00f6re Ceyhun Aydo\u011fan (32), motosikleti ile seyir halindeyken, hen\u00fcz plakas\u0131 ve s\u00fcr\u00fcc\u00fcs\u00fc \u00f6\u011frenilemeyen minib\u00fcs ile \u00e7arp\u0131\u015ft\u0131. \u00c7arp\u0131\u015fman\u0131n etkisiyle Ceyhun Aydo\u011fan yola savruldu. \u00c7evredeki vatanda\u015flar\u0131n ihbar\u0131 \u00fczerine b\u00f6lgeye polis ve sa\u011fl\u0131k ekipleri sevk edildi. Sa\u011fl\u0131k ekipleri taraf\u0131ndan olay yerinde ilk m\u00fcdahalesi yap\u0131lan Ceyhun Aydo\u011fan, ambulansla hastaneye kald\u0131r\u0131ld\u0131. Ceyhun Aydo\u011fan burada doktorlar\u0131n t\u00fcm m\u00fcdahalesine ra\u011fmen kurtar\u0131lamad\u0131. Gen\u00e7 adam\u0131n cenazesi otopsi yap\u0131lmak \u00fczere Adli T\u0131p Kurumu Denizli Grup Ba\u015fkanl\u0131\u011f\u0131 morguna kald\u0131r\u0131ld\u0131.<br \/>\n<br \/>Gen\u00e7 ya\u015fta hayat\u0131n\u0131 kaybeden Ceyhun Aydo\u011fan\u2019\u0131n i\u015fletmelere sosyal medya dan\u0131\u015fmanl\u0131\u011f\u0131 hizmeti veren bir firman\u0131n sahibi oldu\u011fu \u00f6\u011frenildi.<br \/><\/p>\n","protected":false},"excerpt":{"rendered":"<p>Denizli\u2019de i\u015fletmelere sosyal medya reklam dan\u0131\u015fmanl\u0131\u011f\u0131 hizmeti veren gen\u00e7 firma sahibi motosiklet ile yapt\u0131\u011f\u0131 kazada ya\u015fam\u0131n\u0131 yitirdi. Kaza, d\u00fcn ak\u015fam saatlerinde Pamukkale il\u00e7esi Mehmet\u00e7ik Mahallesi\u2019nde meydana geldi. Edinilen bilgilere g\u00f6re Ceyhun Aydo\u011fan (32), motosikleti ile seyir halindeyken, hen\u00fcz plakas\u0131 ve s\u00fcr\u00fcc\u00fcs\u00fc \u00f6\u011frenilemeyen minib\u00fcs ile \u00e7arp\u0131\u015ft\u0131. \u00c7arp\u0131\u015fman\u0131n etkisiyle Ceyhun Aydo\u011fan yola savruldu. \u00c7evredeki vatanda\u015flar\u0131n ihbar\u0131 \u00fczerine&#8230;<\/p>\n","protected":false},"author":1,"featured_media":47993,"comment_status":"open","ping_status":"open","sticky":false,"template":"","format":"standard","meta":{"_crdt_document":"","footnotes":""},"categories":[5],"tags":[],"class_list":["post-47992","post","type-post","status-publish","format-standard","has-post-thumbnail","hentry","category-asayis"],"_links":{"self":[{"href":"https:\/\/www.egemtv.com\/index.php?rest_route=\/wp\/v2\/posts\/47992","targetHints":{"allow":["GET"]}}],"collection":[{"href":"https:\/\/www.egemtv.com\/index.php?rest_route=\/wp\/v2\/posts"}],"about":[{"href":"https:\/\/www.egemtv.com\/index.php?rest_route=\/wp\/v2\/types\/post"}],"author":[{"embeddable":true,"href":"https:\/\/www.egemtv.com\/index.php?rest_route=\/wp\/v2\/users\/1"}],"replies":[{"embeddable":true,"href":"https:\/\/www.egemtv.com\/index.php?rest_route=%2Fwp%2Fv2%2Fcomments&post=47992"}],"version-history":[{"count":1,"href":"https:\/\/www.egemtv.com\/index.php?rest_route=\/wp\/v2\/posts\/47992\/revisions"}],"predecessor-version":[{"id":47994,"href":"https:\/\/www.egemtv.com\/index.php?rest_route=\/wp\/v2\/posts\/47992\/revisions\/47994"}],"wp:featuredmedia":[{"embeddable":true,"href":"https:\/\/www.egemtv.com\/index.php?rest_route=\/wp\/v2\/media\/47993"}],"wp:attachment":[{"href":"https:\/\/www.egemtv.com\/index.php?rest_route=%2Fwp%2Fv2%2Fmedia&parent=47992"}],"wp:term":[{"taxonomy":"category","embeddable":true,"href":"https:\/\/www.egemtv.com\/index.php?rest_route=%2Fwp%2Fv2%2Fcategories&post=47992"},{"taxonomy":"post_tag","embeddable":true,"href":"https:\/\/www.egemtv.com\/index.php?rest_route=%2Fwp%2Fv2%2Ftags&post=47992"}],"curies":[{"name":"wp","href":"https:\/\/api.w.org\/{rel}","templated":true}]}}