{"id":47986,"date":"2025-08-11T09:55:37","date_gmt":"2025-08-11T06:55:37","guid":{"rendered":"https:\/\/www.egemtv.com\/?p=47986"},"modified":"2025-08-11T09:55:38","modified_gmt":"2025-08-11T06:55:38","slug":"baskan-gunelden-ornek-sosyal-tesis","status":"publish","type":"post","link":"https:\/\/www.egemtv.com\/?p=47986","title":{"rendered":"Ba\u015fkan G\u00fcnel\u2019den \u00f6rnek sosyal tesis"},"content":{"rendered":"<p>Ayd\u0131n\u2019\u0131n Ku\u015fadas\u0131 il\u00e7esinde ba\u015ftan sona yenilenerek modern bir sosyal tesise d\u00f6n\u00fc\u015ft\u00fcr\u00fclen So\u011fucak Mahallesi K\u00f6y Kahvesi, art\u0131k mahalle sakinlerine ve ziyaret\u00e7ilere yepyeni y\u00fcz\u00fcyle hizmet veriyor. Kad\u0131nlara \u00f6zel alan\u0131yla T\u00fcrkiye\u2019de \u2019yeni nesil k\u00f6y kahvesi\u2019 anlay\u0131\u015f\u0131n\u0131n ilk \u00f6rneklerinden biri olan tesis, Adal\u0131 Kart ile Ku\u015fadal\u0131lara ayr\u0131cal\u0131klar sunacak.<\/p>\n<p>Ku\u015fadas\u0131 Belediyesi Fen \u0130\u015fleri ve Park-Bah\u00e7eler M\u00fcd\u00fcrl\u00fc\u011f\u00fc ekiplerinin titiz \u00e7al\u0131\u015fmas\u0131yla k\u0131sa s\u00fcrede tamamlanan proje, sadece bir mekan yenilemesi de\u011fil; toplumsal bulu\u015fma, sosyalle\u015fme ve mahalle k\u00fclt\u00fcr\u00fcn\u00fc g\u00fc\u00e7lendirme ad\u0131m\u0131 oldu. Bah\u00e7esi, peyzaj\u0131, modern mobilyalar\u0131 ve konforlu ortam\u0131yla So\u011fucak K\u00f6y Kahvesi, hem yerel halk\u0131n hem de turistlerin u\u011frak noktas\u0131 olacak. Tesisin i\u015fletmesini, yap\u0131lan a\u00e7\u0131k ihale sonras\u0131nda Ku\u015fadas\u0131 Belediyesi\u2019nin i\u015ftiraklerinden ARYA A.\u015e. \u00fcstlendi. Adal\u0131 Kart avantajlar\u0131 yeni k\u00f6y kahvesinde de ge\u00e7erli olacak. Adal\u0131 Kart sahipleri, burada belediyenin sa\u011flad\u0131\u011f\u0131 t\u00fcm indirim ve avantajlardan yararlanabilecek.<\/p>\n<p>Projeyi de\u011ferlendiren ARYA A.\u015e Y\u00f6netim Kurulu Ba\u015fkan\u0131 O\u011fuzhan Turan, &#8220;Ba\u015fkan\u0131m\u0131z \u00d6mer G\u00fcnel\u2019in talimat\u0131yla, y\u0131llard\u0131r y\u0131pranm\u0131\u015f; k\u0131\u015f\u0131n \u00e7at\u0131s\u0131ndan ya\u011fmur suyu akan, yaz\u0131n g\u00f6lgesi olmayan bu eski alan\u0131 k\u0131sa s\u00fcrede ba\u015ftan a\u015fa\u011f\u0131 yeniledik. Art\u0131k So\u011fucak K\u00f6y Kahvesi, 7\u2019den 70\u2019e herkesin faydalanabilece\u011fi bir tesis oldu. Mahalle sakinlerinin memnuniyeti i\u00e7in \u00e7al\u0131\u015fmaya devam edece\u011fiz&#8221; dedi.<\/p>\n<p>So\u011fucakl\u0131 Mehmet Batmaz, &#8220;Eskiden toz-toprak i\u00e7inde, eski masa ve sandalyelerde otururduk. \u015eimdi ise modern, temiz ve konforlu bir kahveye sahibiz. T\u00fcrkiye\u2019de ilk defa bir belediye ba\u015fkan\u0131 b\u00f6yle bir projeye imza att\u0131. Ba\u015fkan\u0131m\u0131z \u00d6mer G\u00fcnel, bu \u00e7al\u0131\u015fma ile hem hem\u015fehrilerine verdi\u011fi \u00f6nemi hem de sosyal belediyecilik anlay\u0131\u015f\u0131n\u0131n bir ilkini daha hayata ge\u00e7irmi\u015f oldu. Adal\u0131 Kart avantajlar\u0131 da cabas\u0131. Ba\u015fkan\u0131m\u0131za te\u015fekk\u00fcr ederiz&#8221; s\u00f6zleriyle memnuniyetini dile getirdi.<\/p>\n<p>Yakla\u015f\u0131k 15 y\u0131ld\u0131r mahallede ya\u015fayan Ayten Beytur ise, &#8220;Kad\u0131nlar i\u00e7in \u00f6zel alan d\u00fc\u015f\u00fcn\u00fclmesi \u00e7ok g\u00fczel. Art\u0131k misafirlerimi g\u00f6n\u00fcl rahatl\u0131\u011f\u0131yla burada a\u011f\u0131rlayaca\u011f\u0131m. Kad\u0131nlar\u0131n sosyal hayata daha \u00e7ok kat\u0131l\u0131m sa\u011flamas\u0131 i\u00e7in \u00f6rnek bir tesis oldu. \u00d6mer G\u00fcnel ba\u015fkan\u0131m\u0131z d\u00f6neminde mahallemiz yat\u0131r\u0131mlardan yana hi\u00e7 mahrum kalmad\u0131&#8221; diye konu\u015ftu.<\/p>\n<p>Ba\u015fkan \u00d6mer G\u00fcnel\u2019in liderli\u011finde hayata ge\u00e7en yeni nesil k\u00f6y kahvesi, Ku\u015fadas\u0131\u2019nda sosyal belediyecili\u011fin nas\u0131l hayat\u0131n her alan\u0131na dokundu\u011funun en somut g\u00f6stergelerinden biri oldu.<br \/><\/p>\n","protected":false},"excerpt":{"rendered":"<p>Ayd\u0131n\u2019\u0131n Ku\u015fadas\u0131 il\u00e7esinde ba\u015ftan sona yenilenerek modern bir sosyal tesise d\u00f6n\u00fc\u015ft\u00fcr\u00fclen So\u011fucak Mahallesi K\u00f6y Kahvesi, art\u0131k mahalle sakinlerine ve ziyaret\u00e7ilere yepyeni y\u00fcz\u00fcyle hizmet veriyor. Kad\u0131nlara \u00f6zel alan\u0131yla T\u00fcrkiye\u2019de \u2019yeni nesil k\u00f6y kahvesi\u2019 anlay\u0131\u015f\u0131n\u0131n ilk \u00f6rneklerinden biri olan tesis, Adal\u0131 Kart ile Ku\u015fadal\u0131lara ayr\u0131cal\u0131klar sunacak. Ku\u015fadas\u0131 Belediyesi Fen \u0130\u015fleri ve Park-Bah\u00e7eler M\u00fcd\u00fcrl\u00fc\u011f\u00fc ekiplerinin titiz \u00e7al\u0131\u015fmas\u0131yla k\u0131sa&#8230;<\/p>\n","protected":false},"author":1,"featured_media":47987,"comment_status":"open","ping_status":"open","sticky":false,"template":"","format":"standard","meta":{"_crdt_document":"","footnotes":""},"categories":[125],"tags":[],"class_list":["post-47986","post","type-post","status-publish","format-standard","has-post-thumbnail","hentry","category-ekonomi"],"_links":{"self":[{"href":"https:\/\/www.egemtv.com\/index.php?rest_route=\/wp\/v2\/posts\/47986","targetHints":{"allow":["GET"]}}],"collection":[{"href":"https:\/\/www.egemtv.com\/index.php?rest_route=\/wp\/v2\/posts"}],"about":[{"href":"https:\/\/www.egemtv.com\/index.php?rest_route=\/wp\/v2\/types\/post"}],"author":[{"embeddable":true,"href":"https:\/\/www.egemtv.com\/index.php?rest_route=\/wp\/v2\/users\/1"}],"replies":[{"embeddable":true,"href":"https:\/\/www.egemtv.com\/index.php?rest_route=%2Fwp%2Fv2%2Fcomments&post=47986"}],"version-history":[{"count":1,"href":"https:\/\/www.egemtv.com\/index.php?rest_route=\/wp\/v2\/posts\/47986\/revisions"}],"predecessor-version":[{"id":47988,"href":"https:\/\/www.egemtv.com\/index.php?rest_route=\/wp\/v2\/posts\/47986\/revisions\/47988"}],"wp:featuredmedia":[{"embeddable":true,"href":"https:\/\/www.egemtv.com\/index.php?rest_route=\/wp\/v2\/media\/47987"}],"wp:attachment":[{"href":"https:\/\/www.egemtv.com\/index.php?rest_route=%2Fwp%2Fv2%2Fmedia&parent=47986"}],"wp:term":[{"taxonomy":"category","embeddable":true,"href":"https:\/\/www.egemtv.com\/index.php?rest_route=%2Fwp%2Fv2%2Fcategories&post=47986"},{"taxonomy":"post_tag","embeddable":true,"href":"https:\/\/www.egemtv.com\/index.php?rest_route=%2Fwp%2Fv2%2Ftags&post=47986"}],"curies":[{"name":"wp","href":"https:\/\/api.w.org\/{rel}","templated":true}]}}