{"id":47983,"date":"2025-08-11T09:35:45","date_gmt":"2025-08-11T06:35:45","guid":{"rendered":"https:\/\/www.egemtv.com\/?p=47983"},"modified":"2025-08-11T09:35:46","modified_gmt":"2025-08-11T06:35:46","slug":"cinede-trafik-kazasi-1-olu","status":"publish","type":"post","link":"https:\/\/www.egemtv.com\/?p=47983","title":{"rendered":"\u00c7ine\u2019de trafik kazas\u0131: 1 \u00f6l\u00fc"},"content":{"rendered":"<p>Ayd\u0131n\u2019\u0131n \u00c7ine il\u00e7esinde kamyonet ile motosikletin kar\u0131\u015ft\u0131\u011f\u0131 trafik kazas\u0131nda 1 ki\u015fi hayat\u0131n\u0131 kaybetti.<\/p>\n<p>Kaza, Ayd\u0131n-Mu\u011fla Karayolu \u00fczerinde Karpuzlu yol kav\u015fa\u011f\u0131 yak\u0131nlar\u0131nda gece saatlerinde meydana geldi. Edinilen bilgiye g\u00f6re, \u015eehnur \u00dcst\u00fcnta\u015f (18) y\u00f6netimindeki plakas\u0131z motosiklet, S.A. idaresindeki 09 RP 515 plakal\u0131 kamyonete arkadan \u00e7arpt\u0131. \u00c7arpman\u0131n etkisi ile savrulan motosikletten d\u00fc\u015fen \u00dcst\u00fcnta\u015f yaraland\u0131. Kazay\u0131 g\u00f6renler durumu 112 Acil \u00c7a\u011fr\u0131 Merkezi\u2019ne bildirdi. \u0130hbar \u00fczerine b\u00f6lgeye sa\u011fl\u0131k ve polis ekipleri sevk edildi. K\u0131sa s\u00fcrede olay yerine gelen sa\u011fl\u0131k ekipleri \u00dcst\u00fcnta\u015f\u2019a ilk m\u00fcdahaleyi yaparak ambulansla hastaneye kald\u0131rd\u0131. Hastanede tedavi alt\u0131na al\u0131nan \u00dcst\u00fcnta\u015f doktorlar\u0131n t\u00fcm \u00e7abalar\u0131na ra\u011fmen kurtar\u0131lamayarak hayat\u0131n\u0131 kaybetti. \u00dcst\u00fcnta\u015f\u2019\u0131n \u00f6l\u00fcm haberi ailesi ve t\u00fcm sevenlerini yasa bo\u011fdu.<\/p>\n<p>Olayla ilgili soru\u015fturma s\u00fcr\u00fcyor.<br \/><\/p>\n","protected":false},"excerpt":{"rendered":"<p>Ayd\u0131n\u2019\u0131n \u00c7ine il\u00e7esinde kamyonet ile motosikletin kar\u0131\u015ft\u0131\u011f\u0131 trafik kazas\u0131nda 1 ki\u015fi hayat\u0131n\u0131 kaybetti. Kaza, Ayd\u0131n-Mu\u011fla Karayolu \u00fczerinde Karpuzlu yol kav\u015fa\u011f\u0131 yak\u0131nlar\u0131nda gece saatlerinde meydana geldi. Edinilen bilgiye g\u00f6re, \u015eehnur \u00dcst\u00fcnta\u015f (18) y\u00f6netimindeki plakas\u0131z motosiklet, S.A. idaresindeki 09 RP 515 plakal\u0131 kamyonete arkadan \u00e7arpt\u0131. \u00c7arpman\u0131n etkisi ile savrulan motosikletten d\u00fc\u015fen \u00dcst\u00fcnta\u015f yaraland\u0131. Kazay\u0131 g\u00f6renler durumu 112&#8230;<\/p>\n","protected":false},"author":1,"featured_media":47984,"comment_status":"open","ping_status":"open","sticky":false,"template":"","format":"standard","meta":{"_crdt_document":"","footnotes":""},"categories":[5],"tags":[],"class_list":["post-47983","post","type-post","status-publish","format-standard","has-post-thumbnail","hentry","category-asayis"],"_links":{"self":[{"href":"https:\/\/www.egemtv.com\/index.php?rest_route=\/wp\/v2\/posts\/47983","targetHints":{"allow":["GET"]}}],"collection":[{"href":"https:\/\/www.egemtv.com\/index.php?rest_route=\/wp\/v2\/posts"}],"about":[{"href":"https:\/\/www.egemtv.com\/index.php?rest_route=\/wp\/v2\/types\/post"}],"author":[{"embeddable":true,"href":"https:\/\/www.egemtv.com\/index.php?rest_route=\/wp\/v2\/users\/1"}],"replies":[{"embeddable":true,"href":"https:\/\/www.egemtv.com\/index.php?rest_route=%2Fwp%2Fv2%2Fcomments&post=47983"}],"version-history":[{"count":1,"href":"https:\/\/www.egemtv.com\/index.php?rest_route=\/wp\/v2\/posts\/47983\/revisions"}],"predecessor-version":[{"id":47985,"href":"https:\/\/www.egemtv.com\/index.php?rest_route=\/wp\/v2\/posts\/47983\/revisions\/47985"}],"wp:featuredmedia":[{"embeddable":true,"href":"https:\/\/www.egemtv.com\/index.php?rest_route=\/wp\/v2\/media\/47984"}],"wp:attachment":[{"href":"https:\/\/www.egemtv.com\/index.php?rest_route=%2Fwp%2Fv2%2Fmedia&parent=47983"}],"wp:term":[{"taxonomy":"category","embeddable":true,"href":"https:\/\/www.egemtv.com\/index.php?rest_route=%2Fwp%2Fv2%2Fcategories&post=47983"},{"taxonomy":"post_tag","embeddable":true,"href":"https:\/\/www.egemtv.com\/index.php?rest_route=%2Fwp%2Fv2%2Ftags&post=47983"}],"curies":[{"name":"wp","href":"https:\/\/api.w.org\/{rel}","templated":true}]}}