{"id":47971,"date":"2025-08-11T00:54:37","date_gmt":"2025-08-10T21:54:37","guid":{"rendered":"https:\/\/www.egemtv.com\/?p=47971"},"modified":"2025-08-11T00:54:38","modified_gmt":"2025-08-10T21:54:38","slug":"burhan-eser-iki-takim-da-iyi-oynadi","status":"publish","type":"post","link":"https:\/\/www.egemtv.com\/?p=47971","title":{"rendered":"Burhan E\u015fer: &#8220;\u0130ki tak\u0131m da iyi oynad\u0131&#8221;"},"content":{"rendered":"<p>Bodrum FK Teknik Direkt\u00f6r\u00fc Burhan E\u015fer, Pendikspor ma\u00e7\u0131n\u0131n ard\u0131ndan yapt\u0131\u011f\u0131 a\u00e7\u0131klamada, &#8220;Tempo ve m\u00fccadele olarak iki tak\u0131m da iyi oynad\u0131. Son 20 dakika de\u011fi\u015fikliklerden sonra tempomuz biraz d\u00fc\u015ft\u00fc ancak genel anlamda ma\u00e7\u0131n hakimi bizdik&#8221; dedi.<br \/>\n<br \/>Trendyol 1. Lig\u2019in ilk haftas\u0131nda Bodrum FK, sahas\u0131nda Pendikspor ile 1-1 berabere kald\u0131. Ma\u00e7\u0131n ard\u0131ndan d\u00fczenlenen bas\u0131n toplant\u0131s\u0131nda Bodrum FK Teknik Direkt\u00f6r\u00fc Burhan E\u015fer, a\u00e7\u0131klamalarda bulundu. Ma\u00e7\u0131n zorlu ge\u00e7ti\u011fini belirten E\u015fer, &#8220;Ligin ilk ma\u00e7\u0131 her zaman zor olur. Hava s\u0131cakl\u0131\u011f\u0131 da etkiledi ama bahane de\u011fil. Tempo ve m\u00fccadele olarak iki tak\u0131m da iyi oynad\u0131. Son 20 dakika de\u011fi\u015fikliklerden sonra tempomuz biraz d\u00fc\u015ft\u00fc ancak genel anlamda ma\u00e7\u0131n hakimi bizdik. Oyuncular\u0131m\u0131n m\u00fccadelesinden memnunum. Lig uzun maraton, s\u00fcrpriz sonu\u00e7lar olabiliyor. Biz do\u011fru yolday\u0131z, iyi \u00e7al\u0131\u015f\u0131yoruz. Girdi\u011fimiz 4-5 pozisyonu de\u011ferlendiremedik. \u00d6n\u00fcm\u00fczdeki haftaya haz\u0131rlanaca\u011f\u0131z ve daha g\u00fczel sonu\u00e7larla kar\u015f\u0131n\u0131zda olaca\u011f\u0131z. Bodrum s\u0131ca\u011f\u0131nda zeminin bu \u015fekilde olmas\u0131, buradaki insanlar\u0131n eme\u011fine sayg\u0131 g\u00f6stermemiz gerekiyor. \u00c7imlerin uzunlu\u011fu ve k\u0131sal\u0131\u011f\u0131 \u00f6l\u00e7\u00fcl\u00fcyor. Saham\u0131z\u0131n zeminine laf s\u00f6ylemeye gerek yok. Bunu daha \u00f6nce de yapanlar oldu. Zeminin durumu \u00e7ok iyi&#8221; ifadelerini kulland\u0131.<br \/><\/p>\n","protected":false},"excerpt":{"rendered":"<p>Bodrum FK Teknik Direkt\u00f6r\u00fc Burhan E\u015fer, Pendikspor ma\u00e7\u0131n\u0131n ard\u0131ndan yapt\u0131\u011f\u0131 a\u00e7\u0131klamada, &#8220;Tempo ve m\u00fccadele olarak iki tak\u0131m da iyi oynad\u0131. Son 20 dakika de\u011fi\u015fikliklerden sonra tempomuz biraz d\u00fc\u015ft\u00fc ancak genel anlamda ma\u00e7\u0131n hakimi bizdik&#8221; dedi. Trendyol 1. Lig\u2019in ilk haftas\u0131nda Bodrum FK, sahas\u0131nda Pendikspor ile 1-1 berabere kald\u0131. Ma\u00e7\u0131n ard\u0131ndan d\u00fczenlenen bas\u0131n toplant\u0131s\u0131nda Bodrum FK&#8230;<\/p>\n","protected":false},"author":1,"featured_media":47972,"comment_status":"open","ping_status":"open","sticky":false,"template":"","format":"standard","meta":{"_crdt_document":"","footnotes":""},"categories":[4],"tags":[],"class_list":["post-47971","post","type-post","status-publish","format-standard","has-post-thumbnail","hentry","category-spor"],"_links":{"self":[{"href":"https:\/\/www.egemtv.com\/index.php?rest_route=\/wp\/v2\/posts\/47971","targetHints":{"allow":["GET"]}}],"collection":[{"href":"https:\/\/www.egemtv.com\/index.php?rest_route=\/wp\/v2\/posts"}],"about":[{"href":"https:\/\/www.egemtv.com\/index.php?rest_route=\/wp\/v2\/types\/post"}],"author":[{"embeddable":true,"href":"https:\/\/www.egemtv.com\/index.php?rest_route=\/wp\/v2\/users\/1"}],"replies":[{"embeddable":true,"href":"https:\/\/www.egemtv.com\/index.php?rest_route=%2Fwp%2Fv2%2Fcomments&post=47971"}],"version-history":[{"count":1,"href":"https:\/\/www.egemtv.com\/index.php?rest_route=\/wp\/v2\/posts\/47971\/revisions"}],"predecessor-version":[{"id":47973,"href":"https:\/\/www.egemtv.com\/index.php?rest_route=\/wp\/v2\/posts\/47971\/revisions\/47973"}],"wp:featuredmedia":[{"embeddable":true,"href":"https:\/\/www.egemtv.com\/index.php?rest_route=\/wp\/v2\/media\/47972"}],"wp:attachment":[{"href":"https:\/\/www.egemtv.com\/index.php?rest_route=%2Fwp%2Fv2%2Fmedia&parent=47971"}],"wp:term":[{"taxonomy":"category","embeddable":true,"href":"https:\/\/www.egemtv.com\/index.php?rest_route=%2Fwp%2Fv2%2Fcategories&post=47971"},{"taxonomy":"post_tag","embeddable":true,"href":"https:\/\/www.egemtv.com\/index.php?rest_route=%2Fwp%2Fv2%2Ftags&post=47971"}],"curies":[{"name":"wp","href":"https:\/\/api.w.org\/{rel}","templated":true}]}}