{"id":47968,"date":"2025-08-11T00:14:47","date_gmt":"2025-08-10T21:14:47","guid":{"rendered":"https:\/\/www.egemtv.com\/?p=47968"},"modified":"2025-08-11T00:14:48","modified_gmt":"2025-08-10T21:14:48","slug":"balikesirde-meydana-gelen-61lik-deprem-ani-hisarcikta-kameralara-boyle-yansidi","status":"publish","type":"post","link":"https:\/\/www.egemtv.com\/?p=47968","title":{"rendered":"Bal\u0131kesir\u2019de meydana gelen 6,1\u2019lik deprem an\u0131 Hisarc\u0131k\u2019ta kameralara b\u00f6yle yans\u0131d\u0131"},"content":{"rendered":"<p>Bal\u0131kesir\u2019in S\u0131nd\u0131rg\u0131 il\u00e7esinde meydana gelen deprem, K\u00fctahya\u2019n\u0131n Hisarc\u0131k il\u00e7esinde de hissedildi. Deprem an\u0131 \u00e7i\u011f k\u00f6fte sat\u0131\u015f\u0131 yapan bir i\u015f yerinin g\u00fcvenlik kameras\u0131na yans\u0131d\u0131.<br \/>\n<br \/>Merkez \u00fcss\u00fc Bal\u0131kesir\u2019in S\u0131nd\u0131rg\u0131 il\u00e7esi olan ve 11 kilometre derinlikte meydana gelen 6,1 b\u00fcy\u00fckl\u00fc\u011f\u00fcndeki deprem, \u00e7evre il ve il\u00e7elerde oldu\u011fu gibi K\u00fctahya\u2019n\u0131n Hisarc\u0131k il\u00e7esinde de hissedildi. 19.53\u2019te meydana gelen deprem an\u0131, Hisarc\u0131k\u2019ta \u00e7i\u011f k\u00f6fte sat\u0131\u015f\u0131 yapan Ali Kurum\u2019a ait i\u015f yerinin g\u00fcvenlik kameralar\u0131na saniye saniye yans\u0131d\u0131. G\u00f6r\u00fcnt\u00fclerde depremi hisseden i\u015f yerinde oturan m\u00fc\u015fterilerin b\u00fcy\u00fck bir korkuyla ka\u00e7\u0131\u015ft\u0131\u011f\u0131, i\u015f yeri avizesinin salland\u0131\u011f\u0131 g\u00f6r\u00fcld\u00fc.<\/p>\n","protected":false},"excerpt":{"rendered":"<p>Bal\u0131kesir\u2019in S\u0131nd\u0131rg\u0131 il\u00e7esinde meydana gelen deprem, K\u00fctahya\u2019n\u0131n Hisarc\u0131k il\u00e7esinde de hissedildi. Deprem an\u0131 \u00e7i\u011f k\u00f6fte sat\u0131\u015f\u0131 yapan bir i\u015f yerinin g\u00fcvenlik kameras\u0131na yans\u0131d\u0131. Merkez \u00fcss\u00fc Bal\u0131kesir\u2019in S\u0131nd\u0131rg\u0131 il\u00e7esi olan ve 11 kilometre derinlikte meydana gelen 6,1 b\u00fcy\u00fckl\u00fc\u011f\u00fcndeki deprem, \u00e7evre il ve il\u00e7elerde oldu\u011fu gibi K\u00fctahya\u2019n\u0131n Hisarc\u0131k il\u00e7esinde de hissedildi. 19.53\u2019te meydana gelen deprem an\u0131, Hisarc\u0131k\u2019ta&#8230;<\/p>\n","protected":false},"author":1,"featured_media":47969,"comment_status":"open","ping_status":"open","sticky":false,"template":"","format":"standard","meta":{"_crdt_document":"","footnotes":""},"categories":[5],"tags":[],"class_list":["post-47968","post","type-post","status-publish","format-standard","has-post-thumbnail","hentry","category-asayis"],"_links":{"self":[{"href":"https:\/\/www.egemtv.com\/index.php?rest_route=\/wp\/v2\/posts\/47968","targetHints":{"allow":["GET"]}}],"collection":[{"href":"https:\/\/www.egemtv.com\/index.php?rest_route=\/wp\/v2\/posts"}],"about":[{"href":"https:\/\/www.egemtv.com\/index.php?rest_route=\/wp\/v2\/types\/post"}],"author":[{"embeddable":true,"href":"https:\/\/www.egemtv.com\/index.php?rest_route=\/wp\/v2\/users\/1"}],"replies":[{"embeddable":true,"href":"https:\/\/www.egemtv.com\/index.php?rest_route=%2Fwp%2Fv2%2Fcomments&post=47968"}],"version-history":[{"count":1,"href":"https:\/\/www.egemtv.com\/index.php?rest_route=\/wp\/v2\/posts\/47968\/revisions"}],"predecessor-version":[{"id":47970,"href":"https:\/\/www.egemtv.com\/index.php?rest_route=\/wp\/v2\/posts\/47968\/revisions\/47970"}],"wp:featuredmedia":[{"embeddable":true,"href":"https:\/\/www.egemtv.com\/index.php?rest_route=\/wp\/v2\/media\/47969"}],"wp:attachment":[{"href":"https:\/\/www.egemtv.com\/index.php?rest_route=%2Fwp%2Fv2%2Fmedia&parent=47968"}],"wp:term":[{"taxonomy":"category","embeddable":true,"href":"https:\/\/www.egemtv.com\/index.php?rest_route=%2Fwp%2Fv2%2Fcategories&post=47968"},{"taxonomy":"post_tag","embeddable":true,"href":"https:\/\/www.egemtv.com\/index.php?rest_route=%2Fwp%2Fv2%2Ftags&post=47968"}],"curies":[{"name":"wp","href":"https:\/\/api.w.org\/{rel}","templated":true}]}}