{"id":47962,"date":"2025-08-10T23:34:31","date_gmt":"2025-08-10T20:34:31","guid":{"rendered":"https:\/\/www.egemtv.com\/?p=47962"},"modified":"2025-08-10T23:34:32","modified_gmt":"2025-08-10T20:34:32","slug":"kaynak-makinesinden-cikan-yanginda-ev-arac-ve-ahir-yandi-3-buzagi-telef-oldu","status":"publish","type":"post","link":"https:\/\/www.egemtv.com\/?p=47962","title":{"rendered":"Kaynak makinesinden \u00e7\u0131kan yang\u0131nda ev, ara\u00e7 ve ah\u0131r yand\u0131, 3 buza\u011f\u0131 telef oldu"},"content":{"rendered":"<p>Burdur merkeze ba\u011fl\u0131 \u0130\u011fdeli k\u00f6y\u00fcnde kaynak makinesinden s\u0131\u00e7rayan k\u0131v\u0131lc\u0131mlar\u0131n samanlar\u0131 tutu\u015fturmas\u0131 sonucu 2 katl\u0131 ah\u015fap ev, ara\u00e7 ve ah\u0131r yanarken, ah\u0131rda bulunan 3 buza\u011f\u0131 da telef oldu.<br \/>\n<br \/>Yang\u0131n, saat 17.30 s\u0131ralar\u0131nda Burdur merkeze ba\u011fl\u0131 \u0130\u011fdeli k\u00f6y\u00fcnde meydana geldi. Edinilen bilgilere g\u00f6re, Mehmet U\u00e7ar\u2019a (59) ait 2 katl\u0131 ah\u015fap evin bah\u00e7esinde kaynak yap\u0131ld\u0131\u011f\u0131 esnada k\u0131v\u0131lc\u0131mlar\u0131n samanlar\u0131 tutu\u015fturmas\u0131 sonucu yang\u0131n \u00e7\u0131kt\u0131. K\u0131sa s\u00fcrede b\u00fcy\u00fcyen yang\u0131n\u0131 s\u00f6nd\u00fcremeyen ev sahiplerinin ihbar\u0131 \u00fczerine b\u00f6lgeye \u00e7ok say\u0131da itfaiye, Orman \u0130\u015fletme M\u00fcd\u00fcrl\u00fc\u011f\u00fc araz\u00f6zleri, sa\u011fl\u0131k ve jandarma ekipleri sevk edildi. B\u00f6lgeye gelen itfaiye ve orman ekiplerinin uzun u\u011fra\u015flar\u0131 sonucu yang\u0131n kontrol alt\u0131na al\u0131nd\u0131. Yang\u0131nda 2 katl\u0131 ah\u015fap ev, saman balyalar\u0131, ah\u0131r ve Mehmet U\u00e7ar\u2019a ait 15 DG 814 plakal\u0131 Opel marka minivan ara\u00e7 yanarken, ah\u0131rdaki 3 buza\u011f\u0131 telef oldu.<br \/>\n<br \/>Yang\u0131n sonras\u0131 harabeye d\u00f6nen ev ve ah\u0131r i\u015f makineleri taraf\u0131ndan y\u0131k\u0131ld\u0131.<br \/><\/p>\n","protected":false},"excerpt":{"rendered":"<p>Burdur merkeze ba\u011fl\u0131 \u0130\u011fdeli k\u00f6y\u00fcnde kaynak makinesinden s\u0131\u00e7rayan k\u0131v\u0131lc\u0131mlar\u0131n samanlar\u0131 tutu\u015fturmas\u0131 sonucu 2 katl\u0131 ah\u015fap ev, ara\u00e7 ve ah\u0131r yanarken, ah\u0131rda bulunan 3 buza\u011f\u0131 da telef oldu. Yang\u0131n, saat 17.30 s\u0131ralar\u0131nda Burdur merkeze ba\u011fl\u0131 \u0130\u011fdeli k\u00f6y\u00fcnde meydana geldi. Edinilen bilgilere g\u00f6re, Mehmet U\u00e7ar\u2019a (59) ait 2 katl\u0131 ah\u015fap evin bah\u00e7esinde kaynak yap\u0131ld\u0131\u011f\u0131 esnada k\u0131v\u0131lc\u0131mlar\u0131n samanlar\u0131&#8230;<\/p>\n","protected":false},"author":1,"featured_media":47963,"comment_status":"open","ping_status":"open","sticky":false,"template":"","format":"standard","meta":{"_crdt_document":"","footnotes":""},"categories":[5],"tags":[],"class_list":["post-47962","post","type-post","status-publish","format-standard","has-post-thumbnail","hentry","category-asayis"],"_links":{"self":[{"href":"https:\/\/www.egemtv.com\/index.php?rest_route=\/wp\/v2\/posts\/47962","targetHints":{"allow":["GET"]}}],"collection":[{"href":"https:\/\/www.egemtv.com\/index.php?rest_route=\/wp\/v2\/posts"}],"about":[{"href":"https:\/\/www.egemtv.com\/index.php?rest_route=\/wp\/v2\/types\/post"}],"author":[{"embeddable":true,"href":"https:\/\/www.egemtv.com\/index.php?rest_route=\/wp\/v2\/users\/1"}],"replies":[{"embeddable":true,"href":"https:\/\/www.egemtv.com\/index.php?rest_route=%2Fwp%2Fv2%2Fcomments&post=47962"}],"version-history":[{"count":1,"href":"https:\/\/www.egemtv.com\/index.php?rest_route=\/wp\/v2\/posts\/47962\/revisions"}],"predecessor-version":[{"id":47964,"href":"https:\/\/www.egemtv.com\/index.php?rest_route=\/wp\/v2\/posts\/47962\/revisions\/47964"}],"wp:featuredmedia":[{"embeddable":true,"href":"https:\/\/www.egemtv.com\/index.php?rest_route=\/wp\/v2\/media\/47963"}],"wp:attachment":[{"href":"https:\/\/www.egemtv.com\/index.php?rest_route=%2Fwp%2Fv2%2Fmedia&parent=47962"}],"wp:term":[{"taxonomy":"category","embeddable":true,"href":"https:\/\/www.egemtv.com\/index.php?rest_route=%2Fwp%2Fv2%2Fcategories&post=47962"},{"taxonomy":"post_tag","embeddable":true,"href":"https:\/\/www.egemtv.com\/index.php?rest_route=%2Fwp%2Fv2%2Ftags&post=47962"}],"curies":[{"name":"wp","href":"https:\/\/api.w.org\/{rel}","templated":true}]}}