{"id":47956,"date":"2025-08-10T21:54:32","date_gmt":"2025-08-10T18:54:32","guid":{"rendered":"https:\/\/www.egemtv.com\/?p=47956"},"modified":"2025-08-10T21:54:32","modified_gmt":"2025-08-10T18:54:32","slug":"balikesirdeki-deprem-icin-aydindan-afad-ekipleri-yola-cikti","status":"publish","type":"post","link":"https:\/\/www.egemtv.com\/?p=47956","title":{"rendered":"Bal\u0131kesir\u2019deki deprem i\u00e7in Ayd\u0131n\u2019dan AFAD ekipleri yola \u00e7\u0131kt\u0131"},"content":{"rendered":"<p>Bal\u0131kesir\u2019in S\u0131nd\u0131rg\u0131 il\u00e7esinde meydana gelen 6.1 b\u00fcy\u00fckl\u00fc\u011f\u00fcndeki deprem Ayd\u0131n\u2019da da hissedilirken, Ayd\u0131n AFAD M\u00fcd\u00fcrl\u00fc\u011f\u00fc\u2019nden ekipler \u00e7al\u0131\u015fmalara kat\u0131lmak \u00fczere Bal\u0131kesir\u2019e g\u00f6nderildi.<\/p>\n<p>AFAD verilerine g\u00f6re saat 19.53\u2019te merkez \u00fcss\u00fc Bal\u0131kesir\u2019in S\u0131nd\u0131rg\u0131 il\u00e7esi olan 6.1 b\u00fcy\u00fckl\u00fc\u011f\u00fcnde deprem meydana geldi. Sars\u0131nt\u0131, \u00e7evre illerle birlikte Ayd\u0131n\u2019da da hissedildi. Kentte hissedilen sars\u0131nt\u0131 sonras\u0131 k\u0131sa s\u00fcreli panik ya\u015fan\u0131rken, Ayd\u0131n\u2019da ilk belirlemelere g\u00f6re herhangi bir olumsuzluk tespit edilmedi. Depremin ard\u0131ndan Ayd\u0131n AFAD M\u00fcd\u00fcrl\u00fc\u011f\u00fc\u2019ne ba\u011fl\u0131 arama kurtarma ekibi, yard\u0131m ve destek \u00e7al\u0131\u015fmalar\u0131 i\u00e7in h\u0131zla Bal\u0131kesir\u2019e hareket etti. AFAD ekipleri depremin hissedildi\u011fi b\u00f6lgelerde arama-kurtarma, hasar tespit ve yard\u0131m faaliyetlerine destek verecek.<br \/><\/p>\n","protected":false},"excerpt":{"rendered":"<p>Bal\u0131kesir\u2019in S\u0131nd\u0131rg\u0131 il\u00e7esinde meydana gelen 6.1 b\u00fcy\u00fckl\u00fc\u011f\u00fcndeki deprem Ayd\u0131n\u2019da da hissedilirken, Ayd\u0131n AFAD M\u00fcd\u00fcrl\u00fc\u011f\u00fc\u2019nden ekipler \u00e7al\u0131\u015fmalara kat\u0131lmak \u00fczere Bal\u0131kesir\u2019e g\u00f6nderildi. AFAD verilerine g\u00f6re saat 19.53\u2019te merkez \u00fcss\u00fc Bal\u0131kesir\u2019in S\u0131nd\u0131rg\u0131 il\u00e7esi olan 6.1 b\u00fcy\u00fckl\u00fc\u011f\u00fcnde deprem meydana geldi. Sars\u0131nt\u0131, \u00e7evre illerle birlikte Ayd\u0131n\u2019da da hissedildi. Kentte hissedilen sars\u0131nt\u0131 sonras\u0131 k\u0131sa s\u00fcreli panik ya\u015fan\u0131rken, Ayd\u0131n\u2019da ilk belirlemelere g\u00f6re&#8230;<\/p>\n","protected":false},"author":1,"featured_media":47957,"comment_status":"open","ping_status":"open","sticky":false,"template":"","format":"standard","meta":{"_crdt_document":"","footnotes":""},"categories":[1],"tags":[],"class_list":["post-47956","post","type-post","status-publish","format-standard","has-post-thumbnail","hentry","category-guncel"],"_links":{"self":[{"href":"https:\/\/www.egemtv.com\/index.php?rest_route=\/wp\/v2\/posts\/47956","targetHints":{"allow":["GET"]}}],"collection":[{"href":"https:\/\/www.egemtv.com\/index.php?rest_route=\/wp\/v2\/posts"}],"about":[{"href":"https:\/\/www.egemtv.com\/index.php?rest_route=\/wp\/v2\/types\/post"}],"author":[{"embeddable":true,"href":"https:\/\/www.egemtv.com\/index.php?rest_route=\/wp\/v2\/users\/1"}],"replies":[{"embeddable":true,"href":"https:\/\/www.egemtv.com\/index.php?rest_route=%2Fwp%2Fv2%2Fcomments&post=47956"}],"version-history":[{"count":1,"href":"https:\/\/www.egemtv.com\/index.php?rest_route=\/wp\/v2\/posts\/47956\/revisions"}],"predecessor-version":[{"id":47958,"href":"https:\/\/www.egemtv.com\/index.php?rest_route=\/wp\/v2\/posts\/47956\/revisions\/47958"}],"wp:featuredmedia":[{"embeddable":true,"href":"https:\/\/www.egemtv.com\/index.php?rest_route=\/wp\/v2\/media\/47957"}],"wp:attachment":[{"href":"https:\/\/www.egemtv.com\/index.php?rest_route=%2Fwp%2Fv2%2Fmedia&parent=47956"}],"wp:term":[{"taxonomy":"category","embeddable":true,"href":"https:\/\/www.egemtv.com\/index.php?rest_route=%2Fwp%2Fv2%2Fcategories&post=47956"},{"taxonomy":"post_tag","embeddable":true,"href":"https:\/\/www.egemtv.com\/index.php?rest_route=%2Fwp%2Fv2%2Ftags&post=47956"}],"curies":[{"name":"wp","href":"https:\/\/api.w.org\/{rel}","templated":true}]}}