{"id":47953,"date":"2025-08-10T21:14:42","date_gmt":"2025-08-10T18:14:42","guid":{"rendered":"https:\/\/www.egemtv.com\/?p=47953"},"modified":"2025-08-10T21:14:42","modified_gmt":"2025-08-10T18:14:42","slug":"balikesirdeki-deprem-kutahyada-da-hissedildi","status":"publish","type":"post","link":"https:\/\/www.egemtv.com\/?p=47953","title":{"rendered":"Bal\u0131kesir\u2019deki deprem K\u00fctahya\u2019da da hissedildi"},"content":{"rendered":"<p>Bal\u0131kesir\u2019in S\u0131nd\u0131rg\u0131 il\u00e7esinde meydana gelen 6.1 b\u00fcy\u00fckl\u00fc\u011f\u00fcndeki deprem, K\u00fctahya merkez ve il\u00e7elerinde de hissedildi.<br \/>\n<br \/>Bal\u0131kesir\u2019in S\u0131nd\u0131rg\u0131 il\u00e7esinde meydana gelen 6.1 b\u00fcy\u00fckl\u00fc\u011f\u00fcndeki deprem, K\u00fctahya\u2019da da hissedildi. Deprem sonras\u0131 K\u00fctahya \u015fehir merkezinde k\u0131sa s\u00fcreli panik ya\u015fand\u0131. Sokaklara \u00e7\u0131kan vatanda\u015flar telefonla yak\u0131nlar\u0131na ula\u015fmaya \u00e7al\u0131\u015f\u0131rken, sars\u0131nt\u0131 an\u0131 cep telefonlar\u0131 kameralar\u0131na yans\u0131d\u0131.<br \/><\/p>\n","protected":false},"excerpt":{"rendered":"<p>Bal\u0131kesir\u2019in S\u0131nd\u0131rg\u0131 il\u00e7esinde meydana gelen 6.1 b\u00fcy\u00fckl\u00fc\u011f\u00fcndeki deprem, K\u00fctahya merkez ve il\u00e7elerinde de hissedildi. Bal\u0131kesir\u2019in S\u0131nd\u0131rg\u0131 il\u00e7esinde meydana gelen 6.1 b\u00fcy\u00fckl\u00fc\u011f\u00fcndeki deprem, K\u00fctahya\u2019da da hissedildi. Deprem sonras\u0131 K\u00fctahya \u015fehir merkezinde k\u0131sa s\u00fcreli panik ya\u015fand\u0131. Sokaklara \u00e7\u0131kan vatanda\u015flar telefonla yak\u0131nlar\u0131na ula\u015fmaya \u00e7al\u0131\u015f\u0131rken, sars\u0131nt\u0131 an\u0131 cep telefonlar\u0131 kameralar\u0131na yans\u0131d\u0131.<\/p>\n","protected":false},"author":1,"featured_media":47954,"comment_status":"open","ping_status":"open","sticky":false,"template":"","format":"standard","meta":{"_crdt_document":"","footnotes":""},"categories":[1],"tags":[],"class_list":["post-47953","post","type-post","status-publish","format-standard","has-post-thumbnail","hentry","category-guncel"],"_links":{"self":[{"href":"https:\/\/www.egemtv.com\/index.php?rest_route=\/wp\/v2\/posts\/47953","targetHints":{"allow":["GET"]}}],"collection":[{"href":"https:\/\/www.egemtv.com\/index.php?rest_route=\/wp\/v2\/posts"}],"about":[{"href":"https:\/\/www.egemtv.com\/index.php?rest_route=\/wp\/v2\/types\/post"}],"author":[{"embeddable":true,"href":"https:\/\/www.egemtv.com\/index.php?rest_route=\/wp\/v2\/users\/1"}],"replies":[{"embeddable":true,"href":"https:\/\/www.egemtv.com\/index.php?rest_route=%2Fwp%2Fv2%2Fcomments&post=47953"}],"version-history":[{"count":1,"href":"https:\/\/www.egemtv.com\/index.php?rest_route=\/wp\/v2\/posts\/47953\/revisions"}],"predecessor-version":[{"id":47955,"href":"https:\/\/www.egemtv.com\/index.php?rest_route=\/wp\/v2\/posts\/47953\/revisions\/47955"}],"wp:featuredmedia":[{"embeddable":true,"href":"https:\/\/www.egemtv.com\/index.php?rest_route=\/wp\/v2\/media\/47954"}],"wp:attachment":[{"href":"https:\/\/www.egemtv.com\/index.php?rest_route=%2Fwp%2Fv2%2Fmedia&parent=47953"}],"wp:term":[{"taxonomy":"category","embeddable":true,"href":"https:\/\/www.egemtv.com\/index.php?rest_route=%2Fwp%2Fv2%2Fcategories&post=47953"},{"taxonomy":"post_tag","embeddable":true,"href":"https:\/\/www.egemtv.com\/index.php?rest_route=%2Fwp%2Fv2%2Ftags&post=47953"}],"curies":[{"name":"wp","href":"https:\/\/api.w.org\/{rel}","templated":true}]}}