{"id":47950,"date":"2025-08-10T21:14:41","date_gmt":"2025-08-10T18:14:41","guid":{"rendered":"https:\/\/www.egemtv.com\/?p=47950"},"modified":"2025-08-10T21:14:42","modified_gmt":"2025-08-10T18:14:42","slug":"deprem-ani-manisada-kameralara-yansidi","status":"publish","type":"post","link":"https:\/\/www.egemtv.com\/?p=47950","title":{"rendered":"Deprem an\u0131 Manisa\u2019da kameralara yans\u0131d\u0131"},"content":{"rendered":"<p>Bal\u0131kesir\u2019in S\u0131nd\u0131rg\u0131 il\u00e7esinde meydana gelen 6.1 b\u00fcy\u00fckl\u00fc\u011f\u00fcndeki deprem, Manisa\u2019n\u0131n Kula il\u00e7esinde de hissedildi. Deprem an\u0131 bir kafeteryan\u0131n kameras\u0131na yans\u0131d\u0131.<br \/>\n<br \/>Merkez \u00fcss\u00fc Bal\u0131kesir\u2019in S\u0131nd\u0131rg\u0131 il\u00e7esi olan ve 11 kilometre derinlikte meydana gelen 6.1 b\u00fcy\u00fckl\u00fc\u011f\u00fcndeki deprem, \u00e7evre il ve il\u00e7elerde oldu\u011fu gibi Manisa\u2019n\u0131n Kula il\u00e7esinde de hissedildi. Afet ve Acil Durum Y\u00f6netimi Ba\u015fkanl\u0131\u011f\u0131n\u0131n (AFAD) internet sitesinde yer alan bilgiye g\u00f6re 19.53\u2019te meydana gelen deprem an\u0131, Kula\u2019daki bir kafeteryan\u0131n g\u00fcvenlik kameralar\u0131na saniye saniye yans\u0131d\u0131. G\u00f6r\u00fcnt\u00fclerde depremi hisseden kafe \u00e7al\u0131\u015fanlar\u0131n\u0131n b\u00fcy\u00fck bir korkuyla ka\u00e7\u0131\u015ft\u0131klar\u0131 ve kafeteryan\u0131n demir profillerinin salland\u0131\u011f\u0131 g\u00f6r\u00fcld\u00fc.<br \/><\/p>\n","protected":false},"excerpt":{"rendered":"<p>Bal\u0131kesir\u2019in S\u0131nd\u0131rg\u0131 il\u00e7esinde meydana gelen 6.1 b\u00fcy\u00fckl\u00fc\u011f\u00fcndeki deprem, Manisa\u2019n\u0131n Kula il\u00e7esinde de hissedildi. Deprem an\u0131 bir kafeteryan\u0131n kameras\u0131na yans\u0131d\u0131. Merkez \u00fcss\u00fc Bal\u0131kesir\u2019in S\u0131nd\u0131rg\u0131 il\u00e7esi olan ve 11 kilometre derinlikte meydana gelen 6.1 b\u00fcy\u00fckl\u00fc\u011f\u00fcndeki deprem, \u00e7evre il ve il\u00e7elerde oldu\u011fu gibi Manisa\u2019n\u0131n Kula il\u00e7esinde de hissedildi. Afet ve Acil Durum Y\u00f6netimi Ba\u015fkanl\u0131\u011f\u0131n\u0131n (AFAD) internet sitesinde yer&#8230;<\/p>\n","protected":false},"author":1,"featured_media":47951,"comment_status":"open","ping_status":"open","sticky":false,"template":"","format":"standard","meta":{"_crdt_document":"","footnotes":""},"categories":[1],"tags":[],"class_list":["post-47950","post","type-post","status-publish","format-standard","has-post-thumbnail","hentry","category-guncel"],"_links":{"self":[{"href":"https:\/\/www.egemtv.com\/index.php?rest_route=\/wp\/v2\/posts\/47950","targetHints":{"allow":["GET"]}}],"collection":[{"href":"https:\/\/www.egemtv.com\/index.php?rest_route=\/wp\/v2\/posts"}],"about":[{"href":"https:\/\/www.egemtv.com\/index.php?rest_route=\/wp\/v2\/types\/post"}],"author":[{"embeddable":true,"href":"https:\/\/www.egemtv.com\/index.php?rest_route=\/wp\/v2\/users\/1"}],"replies":[{"embeddable":true,"href":"https:\/\/www.egemtv.com\/index.php?rest_route=%2Fwp%2Fv2%2Fcomments&post=47950"}],"version-history":[{"count":1,"href":"https:\/\/www.egemtv.com\/index.php?rest_route=\/wp\/v2\/posts\/47950\/revisions"}],"predecessor-version":[{"id":47952,"href":"https:\/\/www.egemtv.com\/index.php?rest_route=\/wp\/v2\/posts\/47950\/revisions\/47952"}],"wp:featuredmedia":[{"embeddable":true,"href":"https:\/\/www.egemtv.com\/index.php?rest_route=\/wp\/v2\/media\/47951"}],"wp:attachment":[{"href":"https:\/\/www.egemtv.com\/index.php?rest_route=%2Fwp%2Fv2%2Fmedia&parent=47950"}],"wp:term":[{"taxonomy":"category","embeddable":true,"href":"https:\/\/www.egemtv.com\/index.php?rest_route=%2Fwp%2Fv2%2Fcategories&post=47950"},{"taxonomy":"post_tag","embeddable":true,"href":"https:\/\/www.egemtv.com\/index.php?rest_route=%2Fwp%2Fv2%2Ftags&post=47950"}],"curies":[{"name":"wp","href":"https:\/\/api.w.org\/{rel}","templated":true}]}}