{"id":47947,"date":"2025-08-10T21:14:40","date_gmt":"2025-08-10T18:14:40","guid":{"rendered":"https:\/\/www.egemtv.com\/?p=47947"},"modified":"2025-08-10T21:14:41","modified_gmt":"2025-08-10T18:14:41","slug":"vali-canbolat-su-ana-kadar-olumsuz-bir-durum-tespit-edilmedi","status":"publish","type":"post","link":"https:\/\/www.egemtv.com\/?p=47947","title":{"rendered":"Vali Canbolat: &#8220;\u015eu ana kadar olumsuz bir durum tespit edilmedi&#8221;"},"content":{"rendered":"<p>Ayd\u0131n Valisi Yakup Canbolat Bal\u0131kesir\u2019in S\u0131nd\u0131rg\u0131 il\u00e7esinde meydana gelen depremin Ayd\u0131n\u2019da hissedildi\u011fini ve kent genelinde \u015fu ana kadar herhangi bir olumsuz durumun tespit edilmedi\u011fini belirtti.<\/p>\n<p>Bal\u0131kesir\u2019in S\u0131nd\u0131rg\u0131 il\u00e7esinde meydana gelen 6.1 b\u00fcy\u00fckl\u00fc\u011f\u00fcndeki deprem, Ayd\u0131n\u2019da da pani\u011fe yol a\u00e7t\u0131. Kentte hissedilen sars\u0131nt\u0131n\u0131n ard\u0131ndan vatanda\u015flar kendilerini soka\u011fa att\u0131. AFAD verilerine g\u00f6re saat 19.53\u2019de merkez \u00fcss\u00fc Bal\u0131kesir\u2019in S\u0131nd\u0131rg\u0131 il\u00e7esi olan 6.1 b\u00fcy\u00fckl\u00fc\u011f\u00fcnde deprem meydana geldi. Deprem, Ayd\u0131n\u2019da da hissedildi. Sars\u0131nt\u0131 s\u0131ras\u0131nda ev ve i\u015f yerlerinde bulunan vatanda\u015flar, pani\u011fe kap\u0131larak h\u0131zla a\u00e7\u0131k alanlara \u00e7\u0131kt\u0131. Baz\u0131 vatanda\u015flar uzun s\u00fcre sokaklarda beklerken, apartman giri\u015flerinde toplananlar ise art\u00e7\u0131 sars\u0131nt\u0131lara kar\u015f\u0131 tedirginlik ya\u015fad\u0131.<\/p>\n<p>Vali Canbolat: &#8220;Ge\u00e7mi\u015f olsun&#8221;<br \/>\n<br \/>Meydana gelen depremin ard\u0131ndan sosyal medya hesab\u0131ndan payla\u015f\u0131m yapan Ayd\u0131n Valisi Yakup Canbolat t\u00fcm vatanda\u015flara \u2019ge\u00e7mi\u015f olsun\u2019 dileklerini iletti. Vali Canbolat payla\u015f\u0131m\u0131nda, &#8220;Bal\u0131kesir S\u0131nd\u0131rg\u0131 il\u00e7esi merkezli 6.1 deprem ilimizde de etkili hissedildi. \u015euana kadar olumsuz bir durum tespit edilmemi\u015ftir. Alan\/saha  tarama \u00e7al\u0131\u015fmalar\u0131m\u0131z devam etmektedir. Allah beterinden korusun. Ge\u00e7mi\u015f olsun&#8221; ifadelerine yer verdi.<br \/><\/p>\n","protected":false},"excerpt":{"rendered":"<p>Ayd\u0131n Valisi Yakup Canbolat Bal\u0131kesir\u2019in S\u0131nd\u0131rg\u0131 il\u00e7esinde meydana gelen depremin Ayd\u0131n\u2019da hissedildi\u011fini ve kent genelinde \u015fu ana kadar herhangi bir olumsuz durumun tespit edilmedi\u011fini belirtti. Bal\u0131kesir\u2019in S\u0131nd\u0131rg\u0131 il\u00e7esinde meydana gelen 6.1 b\u00fcy\u00fckl\u00fc\u011f\u00fcndeki deprem, Ayd\u0131n\u2019da da pani\u011fe yol a\u00e7t\u0131. Kentte hissedilen sars\u0131nt\u0131n\u0131n ard\u0131ndan vatanda\u015flar kendilerini soka\u011fa att\u0131. AFAD verilerine g\u00f6re saat 19.53\u2019de merkez \u00fcss\u00fc Bal\u0131kesir\u2019in S\u0131nd\u0131rg\u0131&#8230;<\/p>\n","protected":false},"author":1,"featured_media":47948,"comment_status":"open","ping_status":"open","sticky":false,"template":"","format":"standard","meta":{"_crdt_document":"","footnotes":""},"categories":[1],"tags":[],"class_list":["post-47947","post","type-post","status-publish","format-standard","has-post-thumbnail","hentry","category-guncel"],"_links":{"self":[{"href":"https:\/\/www.egemtv.com\/index.php?rest_route=\/wp\/v2\/posts\/47947","targetHints":{"allow":["GET"]}}],"collection":[{"href":"https:\/\/www.egemtv.com\/index.php?rest_route=\/wp\/v2\/posts"}],"about":[{"href":"https:\/\/www.egemtv.com\/index.php?rest_route=\/wp\/v2\/types\/post"}],"author":[{"embeddable":true,"href":"https:\/\/www.egemtv.com\/index.php?rest_route=\/wp\/v2\/users\/1"}],"replies":[{"embeddable":true,"href":"https:\/\/www.egemtv.com\/index.php?rest_route=%2Fwp%2Fv2%2Fcomments&post=47947"}],"version-history":[{"count":1,"href":"https:\/\/www.egemtv.com\/index.php?rest_route=\/wp\/v2\/posts\/47947\/revisions"}],"predecessor-version":[{"id":47949,"href":"https:\/\/www.egemtv.com\/index.php?rest_route=\/wp\/v2\/posts\/47947\/revisions\/47949"}],"wp:featuredmedia":[{"embeddable":true,"href":"https:\/\/www.egemtv.com\/index.php?rest_route=\/wp\/v2\/media\/47948"}],"wp:attachment":[{"href":"https:\/\/www.egemtv.com\/index.php?rest_route=%2Fwp%2Fv2%2Fmedia&parent=47947"}],"wp:term":[{"taxonomy":"category","embeddable":true,"href":"https:\/\/www.egemtv.com\/index.php?rest_route=%2Fwp%2Fv2%2Fcategories&post=47947"},{"taxonomy":"post_tag","embeddable":true,"href":"https:\/\/www.egemtv.com\/index.php?rest_route=%2Fwp%2Fv2%2Ftags&post=47947"}],"curies":[{"name":"wp","href":"https:\/\/api.w.org\/{rel}","templated":true}]}}