{"id":47944,"date":"2025-08-10T20:37:01","date_gmt":"2025-08-10T17:37:01","guid":{"rendered":"https:\/\/www.egemtv.com\/?p=47944"},"modified":"2025-08-10T20:37:01","modified_gmt":"2025-08-10T17:37:01","slug":"balikesirdeki-deprem-izmirde-de-siddetli-sekilde-hissedildi","status":"publish","type":"post","link":"https:\/\/www.egemtv.com\/?p=47944","title":{"rendered":"Bal\u0131kesir\u2019deki deprem \u0130zmir\u2019de de \u015fiddetli \u015fekilde hissedildi"},"content":{"rendered":"<p>Bal\u0131kesir\u2019in S\u0131nd\u0131rg\u0131 il\u00e7esinde meydana gelen 6.1 b\u00fcy\u00fckl\u00fc\u011f\u00fcndeki deprem, \u0130zmir ve \u00e7evre illerde de \u015fiddetli \u015fekilde hissedildi.<br \/>\n<br \/>Bal\u0131kesir\u2019in S\u0131nd\u0131rg\u0131 il\u00e7esinde saat 19.53\u2019te 6.1 b\u00fcy\u00fckl\u00fc\u011f\u00fcnde deprem meydana geldi. Deprem \u0130zmir dahil bir\u00e7ok ilde hissedildi. \u0130zmir Valisi S\u00fcleyman Elban sosyal medya hesab\u0131ndan yapt\u0131\u011f\u0131 a\u00e7\u0131klamada, &#8220;AFAD verilerine g\u00f6re, Bal\u0131kesir\u2019de 6.1 b\u00fcy\u00fckl\u00fc\u011f\u00fcnde bir deprem meydana gelmi\u015f olup, deprem \u0130zmir\u2019de de hissedilmi\u015ftir. \u015eu ana kadar herhangi bir olumsuzluk tespit edilmemi\u015f olup, b\u00f6lgede tarama \u00e7al\u0131\u015fmalar\u0131 aral\u0131ks\u0131z s\u00fcrmektedir. T\u00fcm ekiplerimiz teyakkuz halindedir. Depremden etkilenen t\u00fcm vatanda\u015flar\u0131m\u0131za ge\u00e7mi\u015f olsun dileklerimizi iletiyoruz. Allah, \u00fclkemizi ve milletimizi her t\u00fcrl\u00fc afetten muhafaza eylesin&#8221; ifadelerin yer verdi.<br \/><\/p>\n","protected":false},"excerpt":{"rendered":"<p>Bal\u0131kesir\u2019in S\u0131nd\u0131rg\u0131 il\u00e7esinde meydana gelen 6.1 b\u00fcy\u00fckl\u00fc\u011f\u00fcndeki deprem, \u0130zmir ve \u00e7evre illerde de \u015fiddetli \u015fekilde hissedildi. Bal\u0131kesir\u2019in S\u0131nd\u0131rg\u0131 il\u00e7esinde saat 19.53\u2019te 6.1 b\u00fcy\u00fckl\u00fc\u011f\u00fcnde deprem meydana geldi. Deprem \u0130zmir dahil bir\u00e7ok ilde hissedildi. \u0130zmir Valisi S\u00fcleyman Elban sosyal medya hesab\u0131ndan yapt\u0131\u011f\u0131 a\u00e7\u0131klamada, &#8220;AFAD verilerine g\u00f6re, Bal\u0131kesir\u2019de 6.1 b\u00fcy\u00fckl\u00fc\u011f\u00fcnde bir deprem meydana gelmi\u015f olup, deprem \u0130zmir\u2019de de&#8230;<\/p>\n","protected":false},"author":1,"featured_media":47945,"comment_status":"open","ping_status":"open","sticky":false,"template":"","format":"standard","meta":{"_crdt_document":"","footnotes":""},"categories":[5],"tags":[],"class_list":["post-47944","post","type-post","status-publish","format-standard","has-post-thumbnail","hentry","category-asayis"],"_links":{"self":[{"href":"https:\/\/www.egemtv.com\/index.php?rest_route=\/wp\/v2\/posts\/47944","targetHints":{"allow":["GET"]}}],"collection":[{"href":"https:\/\/www.egemtv.com\/index.php?rest_route=\/wp\/v2\/posts"}],"about":[{"href":"https:\/\/www.egemtv.com\/index.php?rest_route=\/wp\/v2\/types\/post"}],"author":[{"embeddable":true,"href":"https:\/\/www.egemtv.com\/index.php?rest_route=\/wp\/v2\/users\/1"}],"replies":[{"embeddable":true,"href":"https:\/\/www.egemtv.com\/index.php?rest_route=%2Fwp%2Fv2%2Fcomments&post=47944"}],"version-history":[{"count":1,"href":"https:\/\/www.egemtv.com\/index.php?rest_route=\/wp\/v2\/posts\/47944\/revisions"}],"predecessor-version":[{"id":47946,"href":"https:\/\/www.egemtv.com\/index.php?rest_route=\/wp\/v2\/posts\/47944\/revisions\/47946"}],"wp:featuredmedia":[{"embeddable":true,"href":"https:\/\/www.egemtv.com\/index.php?rest_route=\/wp\/v2\/media\/47945"}],"wp:attachment":[{"href":"https:\/\/www.egemtv.com\/index.php?rest_route=%2Fwp%2Fv2%2Fmedia&parent=47944"}],"wp:term":[{"taxonomy":"category","embeddable":true,"href":"https:\/\/www.egemtv.com\/index.php?rest_route=%2Fwp%2Fv2%2Fcategories&post=47944"},{"taxonomy":"post_tag","embeddable":true,"href":"https:\/\/www.egemtv.com\/index.php?rest_route=%2Fwp%2Fv2%2Ftags&post=47944"}],"curies":[{"name":"wp","href":"https:\/\/api.w.org\/{rel}","templated":true}]}}