{"id":47938,"date":"2025-08-10T19:14:47","date_gmt":"2025-08-10T16:14:47","guid":{"rendered":"https:\/\/www.egemtv.com\/?p=47938"},"modified":"2025-08-10T19:14:49","modified_gmt":"2025-08-10T16:14:49","slug":"akhisarli-sporculardan-rizede-madalya-soleni","status":"publish","type":"post","link":"https:\/\/www.egemtv.com\/?p=47938","title":{"rendered":"Akhisarl\u0131 sporculardan Rize\u2019de madalya \u015f\u00f6leni"},"content":{"rendered":"<p>Akhisar \u0130l\u00e7e Spor Kul\u00fcb\u00fcn\u00fcn bisiklet\u00e7ileri Rize\u2019de d\u00fczenlenen \u015fampiyonada madalyalarla d\u00f6nd\u00fc.<br \/>\n<br \/>Akhisar \u0130l\u00e7e Spor Kul\u00fcb\u00fc, Kul\u00fcp Ba\u015fkan\u0131 ve Gen\u00e7lik ve Spor \u0130l\u00e7e M\u00fcd\u00fcr\u00fc Hasan H\u00fcseyin Oktay\u2019\u0131n destekleriyle, Rize\u2019nin G\u00fcneysu il\u00e7esinde 9-10 A\u011fustos tarihlerinde d\u00fczenlenen Ya\u015far G\u00fcm\u00fc\u015f MTB CUP yar\u0131\u015flar\u0131nda madalya \u015f\u00f6leni ya\u015fatt\u0131. 9 A\u011fustos\u2019ta ger\u00e7ekle\u015ftirilen Short Trek etab\u0131nda U15 kad\u0131nlar kategorisinde yar\u0131\u015fan \u0130lknur Bu\u011flem Karata\u015f \u00fc\u00e7\u00fcnc\u00fc oldu. 10 A\u011fustos\u2019taki ana yar\u0131\u015fta ise U15 kad\u0131nlarda \u0130lknur Bu\u011flem Karata\u015f ikinci, U13 kad\u0131nlarda Hilal Kaymaz birinci, Miray Akcan d\u00f6rd\u00fcnc\u00fc, U13 erkeklerde Berkay \u0130likhan d\u00f6rd\u00fcnc\u00fc, U11 kad\u0131nlarda Melisa Ate\u015f birinci, U11 erkeklerde ise Deniz Atlas Tekin ikinci s\u0131ray\u0131 elde etti.<br \/><\/p>\n","protected":false},"excerpt":{"rendered":"<p>Akhisar \u0130l\u00e7e Spor Kul\u00fcb\u00fcn\u00fcn bisiklet\u00e7ileri Rize\u2019de d\u00fczenlenen \u015fampiyonada madalyalarla d\u00f6nd\u00fc. Akhisar \u0130l\u00e7e Spor Kul\u00fcb\u00fc, Kul\u00fcp Ba\u015fkan\u0131 ve Gen\u00e7lik ve Spor \u0130l\u00e7e M\u00fcd\u00fcr\u00fc Hasan H\u00fcseyin Oktay\u2019\u0131n destekleriyle, Rize\u2019nin G\u00fcneysu il\u00e7esinde 9-10 A\u011fustos tarihlerinde d\u00fczenlenen Ya\u015far G\u00fcm\u00fc\u015f MTB CUP yar\u0131\u015flar\u0131nda madalya \u015f\u00f6leni ya\u015fatt\u0131. 9 A\u011fustos\u2019ta ger\u00e7ekle\u015ftirilen Short Trek etab\u0131nda U15 kad\u0131nlar kategorisinde yar\u0131\u015fan \u0130lknur Bu\u011flem Karata\u015f \u00fc\u00e7\u00fcnc\u00fc&#8230;<\/p>\n","protected":false},"author":1,"featured_media":47939,"comment_status":"open","ping_status":"open","sticky":false,"template":"","format":"standard","meta":{"_crdt_document":"","footnotes":""},"categories":[4],"tags":[],"class_list":["post-47938","post","type-post","status-publish","format-standard","has-post-thumbnail","hentry","category-spor"],"_links":{"self":[{"href":"https:\/\/www.egemtv.com\/index.php?rest_route=\/wp\/v2\/posts\/47938","targetHints":{"allow":["GET"]}}],"collection":[{"href":"https:\/\/www.egemtv.com\/index.php?rest_route=\/wp\/v2\/posts"}],"about":[{"href":"https:\/\/www.egemtv.com\/index.php?rest_route=\/wp\/v2\/types\/post"}],"author":[{"embeddable":true,"href":"https:\/\/www.egemtv.com\/index.php?rest_route=\/wp\/v2\/users\/1"}],"replies":[{"embeddable":true,"href":"https:\/\/www.egemtv.com\/index.php?rest_route=%2Fwp%2Fv2%2Fcomments&post=47938"}],"version-history":[{"count":1,"href":"https:\/\/www.egemtv.com\/index.php?rest_route=\/wp\/v2\/posts\/47938\/revisions"}],"predecessor-version":[{"id":47940,"href":"https:\/\/www.egemtv.com\/index.php?rest_route=\/wp\/v2\/posts\/47938\/revisions\/47940"}],"wp:featuredmedia":[{"embeddable":true,"href":"https:\/\/www.egemtv.com\/index.php?rest_route=\/wp\/v2\/media\/47939"}],"wp:attachment":[{"href":"https:\/\/www.egemtv.com\/index.php?rest_route=%2Fwp%2Fv2%2Fmedia&parent=47938"}],"wp:term":[{"taxonomy":"category","embeddable":true,"href":"https:\/\/www.egemtv.com\/index.php?rest_route=%2Fwp%2Fv2%2Fcategories&post=47938"},{"taxonomy":"post_tag","embeddable":true,"href":"https:\/\/www.egemtv.com\/index.php?rest_route=%2Fwp%2Fv2%2Ftags&post=47938"}],"curies":[{"name":"wp","href":"https:\/\/api.w.org\/{rel}","templated":true}]}}