{"id":47935,"date":"2025-08-10T18:56:22","date_gmt":"2025-08-10T15:56:22","guid":{"rendered":"https:\/\/www.egemtv.com\/?p=47935"},"modified":"2025-08-10T18:56:23","modified_gmt":"2025-08-10T15:56:23","slug":"soke-kusadasi-karayolunda-yol-coktu","status":"publish","type":"post","link":"https:\/\/www.egemtv.com\/?p=47935","title":{"rendered":"S\u00f6ke-Ku\u015fadas\u0131 Karayolu\u2019nda yol \u00e7\u00f6kt\u00fc"},"content":{"rendered":"<p>S\u00f6ke-Ku\u015fadas\u0131 yolu \u00fczeri Yaylak\u00f6y mevkiinde bir tarlada yap\u0131lan kaz\u0131 \u00e7al\u0131\u015fmas\u0131 sonucu yol \u00e7\u00f6kerken, ya\u015fanan olay nedeniyle S\u00f6ke-Ku\u015fadas\u0131 Karayolu trafi\u011fe kapat\u0131ld\u0131.<\/p>\n<p>Edinilen bilgiye g\u00f6re, S\u00f6ke-Ku\u015fadas\u0131 Yaylak\u00f6y mevkiinde tarlada yap\u0131lan kaz\u0131 \u00e7al\u0131\u015fmas\u0131 sonucu yol \u00e7\u00f6kt\u00fc. Ya\u015fanan \u00e7\u00f6kme nedeniyle S\u00f6ke-Ku\u015fadas\u0131 aras\u0131ndaki yol trafi\u011fe kapat\u0131ld\u0131. Trafik ak\u0131\u015f\u0131, alternatif g\u00fczerg\u00e2h olarak A\u011fa\u00e7l\u0131\u2019dan Davutlar istikametine y\u00f6nlendiriliyor. Yetkililer, s\u00fcr\u00fcc\u00fclerin uyar\u0131lara dikkat etmelerini ve alternatif yolu kullanmalar\u0131n\u0131 istedi.<br \/><\/p>\n","protected":false},"excerpt":{"rendered":"<p>S\u00f6ke-Ku\u015fadas\u0131 yolu \u00fczeri Yaylak\u00f6y mevkiinde bir tarlada yap\u0131lan kaz\u0131 \u00e7al\u0131\u015fmas\u0131 sonucu yol \u00e7\u00f6kerken, ya\u015fanan olay nedeniyle S\u00f6ke-Ku\u015fadas\u0131 Karayolu trafi\u011fe kapat\u0131ld\u0131. Edinilen bilgiye g\u00f6re, S\u00f6ke-Ku\u015fadas\u0131 Yaylak\u00f6y mevkiinde tarlada yap\u0131lan kaz\u0131 \u00e7al\u0131\u015fmas\u0131 sonucu yol \u00e7\u00f6kt\u00fc. Ya\u015fanan \u00e7\u00f6kme nedeniyle S\u00f6ke-Ku\u015fadas\u0131 aras\u0131ndaki yol trafi\u011fe kapat\u0131ld\u0131. Trafik ak\u0131\u015f\u0131, alternatif g\u00fczerg\u00e2h olarak A\u011fa\u00e7l\u0131\u2019dan Davutlar istikametine y\u00f6nlendiriliyor. Yetkililer, s\u00fcr\u00fcc\u00fclerin uyar\u0131lara dikkat etmelerini&#8230;<\/p>\n","protected":false},"author":1,"featured_media":47936,"comment_status":"open","ping_status":"open","sticky":false,"template":"","format":"standard","meta":{"_crdt_document":"","footnotes":""},"categories":[5],"tags":[],"class_list":["post-47935","post","type-post","status-publish","format-standard","has-post-thumbnail","hentry","category-asayis"],"_links":{"self":[{"href":"https:\/\/www.egemtv.com\/index.php?rest_route=\/wp\/v2\/posts\/47935","targetHints":{"allow":["GET"]}}],"collection":[{"href":"https:\/\/www.egemtv.com\/index.php?rest_route=\/wp\/v2\/posts"}],"about":[{"href":"https:\/\/www.egemtv.com\/index.php?rest_route=\/wp\/v2\/types\/post"}],"author":[{"embeddable":true,"href":"https:\/\/www.egemtv.com\/index.php?rest_route=\/wp\/v2\/users\/1"}],"replies":[{"embeddable":true,"href":"https:\/\/www.egemtv.com\/index.php?rest_route=%2Fwp%2Fv2%2Fcomments&post=47935"}],"version-history":[{"count":1,"href":"https:\/\/www.egemtv.com\/index.php?rest_route=\/wp\/v2\/posts\/47935\/revisions"}],"predecessor-version":[{"id":47937,"href":"https:\/\/www.egemtv.com\/index.php?rest_route=\/wp\/v2\/posts\/47935\/revisions\/47937"}],"wp:featuredmedia":[{"embeddable":true,"href":"https:\/\/www.egemtv.com\/index.php?rest_route=\/wp\/v2\/media\/47936"}],"wp:attachment":[{"href":"https:\/\/www.egemtv.com\/index.php?rest_route=%2Fwp%2Fv2%2Fmedia&parent=47935"}],"wp:term":[{"taxonomy":"category","embeddable":true,"href":"https:\/\/www.egemtv.com\/index.php?rest_route=%2Fwp%2Fv2%2Fcategories&post=47935"},{"taxonomy":"post_tag","embeddable":true,"href":"https:\/\/www.egemtv.com\/index.php?rest_route=%2Fwp%2Fv2%2Ftags&post=47935"}],"curies":[{"name":"wp","href":"https:\/\/api.w.org\/{rel}","templated":true}]}}