{"id":47932,"date":"2025-08-10T18:56:22","date_gmt":"2025-08-10T15:56:22","guid":{"rendered":"https:\/\/www.egemtv.com\/?p=47932"},"modified":"2025-08-10T18:56:22","modified_gmt":"2025-08-10T15:56:22","slug":"manisada-otobus-yoldan-cikti-35-yolcu-olumden-dondu","status":"publish","type":"post","link":"https:\/\/www.egemtv.com\/?p=47932","title":{"rendered":"Manisa\u2019da otob\u00fcs yoldan \u00e7\u0131kt\u0131, 35 yolcu \u00f6l\u00fcmden d\u00f6nd\u00fc"},"content":{"rendered":"<p>Manisa\u2019n\u0131n Salihli il\u00e7esinde s\u00fcr\u00fcc\u00fcs\u00fcn\u00fcn direksiyon hakimiyetini kaybetti\u011fi yolcu otob\u00fcs\u00fc yoldan \u00e7\u0131kt\u0131. 35 yolcu ve 3 personelin bulundu\u011fu otob\u00fcsteki 3 ki\u015fi hafif \u015fekilde yaraland\u0131.<br \/>\n<br \/>Kaza, Ankara-\u0130zmir D300 Karayolu Duras\u0131ll\u0131 Mahallesi mevkiinde meydana geldi. Edinilen bilgiye, Ankara\u2019dan \u0130zmir\u2019e gitmekte olan N.K. idaresindeki 34 KM 7869 plakal\u0131 yolcu otob\u00fcs\u00fc, s\u00fcr\u00fcc\u00fcs\u00fcn\u00fcn direksiyon hakimiyetini kaybetmesi sonucu yoldan \u00e7\u0131kt\u0131. Kazada 35 yolcu ve 3 personelin bulundu\u011fu ara\u00e7taki 3 yolcu hafif yaraland\u0131. \u0130hbar \u00fczerine kaza yerine \u00e7ok say\u0131da sa\u011fl\u0131k, itfaiye ve polis ekibi sevk edildi. Yaral\u0131lar, sa\u011fl\u0131k ekipleri taraf\u0131ndan yap\u0131lan ilk m\u00fcdahalenin ard\u0131ndan Salihli Devlet Hastanesine kald\u0131r\u0131ld\u0131. Yaral\u0131lar\u0131n hayati tehlikesinin bulunmad\u0131\u011f\u0131 \u00f6\u011frenildi.<br \/>\n<br \/>Kazayla ilgili soru\u015fturma ba\u015flat\u0131l\u0131rken, yolcular ba\u015fka bir otob\u00fcsle yoluna devam etti.<br \/><\/p>\n","protected":false},"excerpt":{"rendered":"<p>Manisa\u2019n\u0131n Salihli il\u00e7esinde s\u00fcr\u00fcc\u00fcs\u00fcn\u00fcn direksiyon hakimiyetini kaybetti\u011fi yolcu otob\u00fcs\u00fc yoldan \u00e7\u0131kt\u0131. 35 yolcu ve 3 personelin bulundu\u011fu otob\u00fcsteki 3 ki\u015fi hafif \u015fekilde yaraland\u0131. Kaza, Ankara-\u0130zmir D300 Karayolu Duras\u0131ll\u0131 Mahallesi mevkiinde meydana geldi. Edinilen bilgiye, Ankara\u2019dan \u0130zmir\u2019e gitmekte olan N.K. idaresindeki 34 KM 7869 plakal\u0131 yolcu otob\u00fcs\u00fc, s\u00fcr\u00fcc\u00fcs\u00fcn\u00fcn direksiyon hakimiyetini kaybetmesi sonucu yoldan \u00e7\u0131kt\u0131. Kazada 35&#8230;<\/p>\n","protected":false},"author":1,"featured_media":47933,"comment_status":"open","ping_status":"open","sticky":false,"template":"","format":"standard","meta":{"_crdt_document":"","footnotes":""},"categories":[5],"tags":[],"class_list":["post-47932","post","type-post","status-publish","format-standard","has-post-thumbnail","hentry","category-asayis"],"_links":{"self":[{"href":"https:\/\/www.egemtv.com\/index.php?rest_route=\/wp\/v2\/posts\/47932","targetHints":{"allow":["GET"]}}],"collection":[{"href":"https:\/\/www.egemtv.com\/index.php?rest_route=\/wp\/v2\/posts"}],"about":[{"href":"https:\/\/www.egemtv.com\/index.php?rest_route=\/wp\/v2\/types\/post"}],"author":[{"embeddable":true,"href":"https:\/\/www.egemtv.com\/index.php?rest_route=\/wp\/v2\/users\/1"}],"replies":[{"embeddable":true,"href":"https:\/\/www.egemtv.com\/index.php?rest_route=%2Fwp%2Fv2%2Fcomments&post=47932"}],"version-history":[{"count":1,"href":"https:\/\/www.egemtv.com\/index.php?rest_route=\/wp\/v2\/posts\/47932\/revisions"}],"predecessor-version":[{"id":47934,"href":"https:\/\/www.egemtv.com\/index.php?rest_route=\/wp\/v2\/posts\/47932\/revisions\/47934"}],"wp:featuredmedia":[{"embeddable":true,"href":"https:\/\/www.egemtv.com\/index.php?rest_route=\/wp\/v2\/media\/47933"}],"wp:attachment":[{"href":"https:\/\/www.egemtv.com\/index.php?rest_route=%2Fwp%2Fv2%2Fmedia&parent=47932"}],"wp:term":[{"taxonomy":"category","embeddable":true,"href":"https:\/\/www.egemtv.com\/index.php?rest_route=%2Fwp%2Fv2%2Fcategories&post=47932"},{"taxonomy":"post_tag","embeddable":true,"href":"https:\/\/www.egemtv.com\/index.php?rest_route=%2Fwp%2Fv2%2Ftags&post=47932"}],"curies":[{"name":"wp","href":"https:\/\/api.w.org\/{rel}","templated":true}]}}