{"id":47929,"date":"2025-08-10T18:34:36","date_gmt":"2025-08-10T15:34:36","guid":{"rendered":"https:\/\/www.egemtv.com\/?p=47929"},"modified":"2025-08-10T18:34:38","modified_gmt":"2025-08-10T15:34:38","slug":"serinlemek-icin-azmaga-giren-sahis-hayatini-kaybetti","status":"publish","type":"post","link":"https:\/\/www.egemtv.com\/?p=47929","title":{"rendered":"Serinlemek i\u00e7in azma\u011fa giren \u015fah\u0131s hayat\u0131n\u0131 kaybetti"},"content":{"rendered":"<p>Mu\u011fla\u2019n\u0131n Ula il\u00e7esinde serinlemek i\u00e7in azma\u011fa giren \u015fah\u0131s bo\u011fularak hayat\u0131n\u0131 kaybetti.<\/p>\n<p>Olay, Akyaka Mahallesi Kad\u0131n Azma\u011f\u0131\u2019nda meydana geldi. Edinilen bilgiye g\u00f6re, 35 ya\u015f\u0131ndaki Hakan \u00d6z serinlemek i\u00e7in girdi\u011fi azmakta bo\u011fularak hayat\u0131n\u0131 kaybetti. 112 Acil \u00c7a\u011fr\u0131 Merkezi\u2019ne yap\u0131lan ihbar \u00fczerine b\u00f6lgeye jandarma ekipleri sevk edildi. K\u0131sa s\u00fcrede olay yerine gelen dalg\u0131\u00e7lar \u00d6z\u2019\u00fcn cans\u0131z bedenini sudan \u00e7\u0131karmak i\u00e7in \u00e7al\u0131\u015fma ba\u015flatt\u0131.<br \/><\/p>\n","protected":false},"excerpt":{"rendered":"<p>Mu\u011fla\u2019n\u0131n Ula il\u00e7esinde serinlemek i\u00e7in azma\u011fa giren \u015fah\u0131s bo\u011fularak hayat\u0131n\u0131 kaybetti. Olay, Akyaka Mahallesi Kad\u0131n Azma\u011f\u0131\u2019nda meydana geldi. Edinilen bilgiye g\u00f6re, 35 ya\u015f\u0131ndaki Hakan \u00d6z serinlemek i\u00e7in girdi\u011fi azmakta bo\u011fularak hayat\u0131n\u0131 kaybetti. 112 Acil \u00c7a\u011fr\u0131 Merkezi\u2019ne yap\u0131lan ihbar \u00fczerine b\u00f6lgeye jandarma ekipleri sevk edildi. K\u0131sa s\u00fcrede olay yerine gelen dalg\u0131\u00e7lar \u00d6z\u2019\u00fcn cans\u0131z bedenini sudan \u00e7\u0131karmak&#8230;<\/p>\n","protected":false},"author":1,"featured_media":47930,"comment_status":"open","ping_status":"open","sticky":false,"template":"","format":"standard","meta":{"_crdt_document":"","footnotes":""},"categories":[1],"tags":[],"class_list":["post-47929","post","type-post","status-publish","format-standard","has-post-thumbnail","hentry","category-guncel"],"_links":{"self":[{"href":"https:\/\/www.egemtv.com\/index.php?rest_route=\/wp\/v2\/posts\/47929","targetHints":{"allow":["GET"]}}],"collection":[{"href":"https:\/\/www.egemtv.com\/index.php?rest_route=\/wp\/v2\/posts"}],"about":[{"href":"https:\/\/www.egemtv.com\/index.php?rest_route=\/wp\/v2\/types\/post"}],"author":[{"embeddable":true,"href":"https:\/\/www.egemtv.com\/index.php?rest_route=\/wp\/v2\/users\/1"}],"replies":[{"embeddable":true,"href":"https:\/\/www.egemtv.com\/index.php?rest_route=%2Fwp%2Fv2%2Fcomments&post=47929"}],"version-history":[{"count":1,"href":"https:\/\/www.egemtv.com\/index.php?rest_route=\/wp\/v2\/posts\/47929\/revisions"}],"predecessor-version":[{"id":47931,"href":"https:\/\/www.egemtv.com\/index.php?rest_route=\/wp\/v2\/posts\/47929\/revisions\/47931"}],"wp:featuredmedia":[{"embeddable":true,"href":"https:\/\/www.egemtv.com\/index.php?rest_route=\/wp\/v2\/media\/47930"}],"wp:attachment":[{"href":"https:\/\/www.egemtv.com\/index.php?rest_route=%2Fwp%2Fv2%2Fmedia&parent=47929"}],"wp:term":[{"taxonomy":"category","embeddable":true,"href":"https:\/\/www.egemtv.com\/index.php?rest_route=%2Fwp%2Fv2%2Fcategories&post=47929"},{"taxonomy":"post_tag","embeddable":true,"href":"https:\/\/www.egemtv.com\/index.php?rest_route=%2Fwp%2Fv2%2Ftags&post=47929"}],"curies":[{"name":"wp","href":"https:\/\/api.w.org\/{rel}","templated":true}]}}