{"id":47926,"date":"2025-08-10T18:34:35","date_gmt":"2025-08-10T15:34:35","guid":{"rendered":"https:\/\/www.egemtv.com\/?p=47926"},"modified":"2025-08-10T18:34:36","modified_gmt":"2025-08-10T15:34:36","slug":"dogusbelen-mahallesinde-asure-gelenegi-suruyor","status":"publish","type":"post","link":"https:\/\/www.egemtv.com\/?p=47926","title":{"rendered":"D\u00f6\u011f\u00fc\u015fbelen Mahallesi\u2019nde a\u015fure gelene\u011fi s\u00fcr\u00fcyor"},"content":{"rendered":"<p>Mu\u011fla\u2019n\u0131n K\u00f6yce\u011fiz il\u00e7esi D\u00f6\u011f\u00fc\u015fbelen Mahallesi\u2019nde 3. Geleneksel a\u015fure ikram\u0131, yaz Kur\u2019an Kursu \u00f6\u011frencilerinin kat\u0131ld\u0131\u011f\u0131 programla ger\u00e7ekle\u015ftirildi.<\/p>\n<p>D\u00f6\u011f\u00fc\u015fbelen Merkez Camii \u0130mam-Hatibi Yasin Y\u0131ld\u0131r\u0131m ile Tepe Camii \u0130mam-Hatibi Sinan Demir\u2019in birlikte organize ettikleri Yaz Kursu program\u0131 tertip edildi. K\u00f6yce\u011fiz Kaymakam\u0131 Mert Kumcu ve protokol \u00fcyeleri ile siyasi parti temsilcileri, muhtarlar ve mahalle halk\u0131n\u0131n kat\u0131ld\u0131\u011f\u0131 g\u00fcn\u00fcn anlam ve \u00f6nemi hakk\u0131nda konu\u015fan \u0130l\u00e7e M\u00fcft\u00fc Vekili Emine Okulu, &#8220;Bu y\u0131l bin 200\u2019e yak\u0131n \u00f6\u011frencilerimizle 2025 y\u0131l\u0131 Yaz Kur\u2019an Kurslar\u0131m\u0131z\u0131n sonuna yakla\u015fmaktay\u0131z. \u00d6\u011frenmek i\u00e7in her ne kadar k\u0131sa zaman da olsa kurslar\u0131m\u0131z\u0131n esas gayesi \u00e7ocuklar\u0131m\u0131za camiyi sevdirmek, Y\u00fcce Rabb\u2019imizi ve peygamberlerimizi tan\u0131mak, ba\u015fta namaz olmak \u00fczere ibadetlerimizi bilmektir. Evlatlar\u0131m\u0131z\u0131n, camiyi seven, vatan\u0131na, ailesine kar\u015f\u0131 hay\u0131rl\u0131 bir birey olmas\u0131n\u0131 Y\u00fcce Allah\u2019tan niyaz ederim. Program\u0131n tertip edilmesinde eme\u011fi ge\u00e7en ba\u015fta mahalle muhtar\u0131m\u0131za, cami g\u00f6revlilerimize ve t\u00fcm mahalle halk\u0131na te\u015fekk\u00fcr ederim&#8221; dedi.<\/p>\n<p>Okulu\u2019nun konu\u015fmas\u0131n\u0131n ard\u0131ndan; \u00f6\u011frenciler ezberledikleri sureleri, ilahileri, \u015fiirleri ve dualar\u0131 okudu. Program i\u00e7inde yap\u0131lan yar\u0131\u015fmalar neticesinde dereceye giren \u00f6\u011frencilere \u00e7e\u015fitli \u00f6d\u00fcller verildi. Program sonunda misafirlere ve halka a\u015fure ikram edildi.<br \/><\/p>\n","protected":false},"excerpt":{"rendered":"<p>Mu\u011fla\u2019n\u0131n K\u00f6yce\u011fiz il\u00e7esi D\u00f6\u011f\u00fc\u015fbelen Mahallesi\u2019nde 3. Geleneksel a\u015fure ikram\u0131, yaz Kur\u2019an Kursu \u00f6\u011frencilerinin kat\u0131ld\u0131\u011f\u0131 programla ger\u00e7ekle\u015ftirildi. D\u00f6\u011f\u00fc\u015fbelen Merkez Camii \u0130mam-Hatibi Yasin Y\u0131ld\u0131r\u0131m ile Tepe Camii \u0130mam-Hatibi Sinan Demir\u2019in birlikte organize ettikleri Yaz Kursu program\u0131 tertip edildi. K\u00f6yce\u011fiz Kaymakam\u0131 Mert Kumcu ve protokol \u00fcyeleri ile siyasi parti temsilcileri, muhtarlar ve mahalle halk\u0131n\u0131n kat\u0131ld\u0131\u011f\u0131 g\u00fcn\u00fcn anlam ve&#8230;<\/p>\n","protected":false},"author":1,"featured_media":47927,"comment_status":"open","ping_status":"open","sticky":false,"template":"","format":"standard","meta":{"_crdt_document":"","footnotes":""},"categories":[1],"tags":[],"class_list":["post-47926","post","type-post","status-publish","format-standard","has-post-thumbnail","hentry","category-guncel"],"_links":{"self":[{"href":"https:\/\/www.egemtv.com\/index.php?rest_route=\/wp\/v2\/posts\/47926","targetHints":{"allow":["GET"]}}],"collection":[{"href":"https:\/\/www.egemtv.com\/index.php?rest_route=\/wp\/v2\/posts"}],"about":[{"href":"https:\/\/www.egemtv.com\/index.php?rest_route=\/wp\/v2\/types\/post"}],"author":[{"embeddable":true,"href":"https:\/\/www.egemtv.com\/index.php?rest_route=\/wp\/v2\/users\/1"}],"replies":[{"embeddable":true,"href":"https:\/\/www.egemtv.com\/index.php?rest_route=%2Fwp%2Fv2%2Fcomments&post=47926"}],"version-history":[{"count":1,"href":"https:\/\/www.egemtv.com\/index.php?rest_route=\/wp\/v2\/posts\/47926\/revisions"}],"predecessor-version":[{"id":47928,"href":"https:\/\/www.egemtv.com\/index.php?rest_route=\/wp\/v2\/posts\/47926\/revisions\/47928"}],"wp:featuredmedia":[{"embeddable":true,"href":"https:\/\/www.egemtv.com\/index.php?rest_route=\/wp\/v2\/media\/47927"}],"wp:attachment":[{"href":"https:\/\/www.egemtv.com\/index.php?rest_route=%2Fwp%2Fv2%2Fmedia&parent=47926"}],"wp:term":[{"taxonomy":"category","embeddable":true,"href":"https:\/\/www.egemtv.com\/index.php?rest_route=%2Fwp%2Fv2%2Fcategories&post=47926"},{"taxonomy":"post_tag","embeddable":true,"href":"https:\/\/www.egemtv.com\/index.php?rest_route=%2Fwp%2Fv2%2Ftags&post=47926"}],"curies":[{"name":"wp","href":"https:\/\/api.w.org\/{rel}","templated":true}]}}