{"id":47923,"date":"2025-08-10T17:54:47","date_gmt":"2025-08-10T14:54:47","guid":{"rendered":"https:\/\/www.egemtv.com\/?p=47923"},"modified":"2025-08-10T17:54:48","modified_gmt":"2025-08-10T14:54:48","slug":"izmirde-tir-sahibi-180-liralik-kantar-ucreti-icin-calisani-vurdu","status":"publish","type":"post","link":"https:\/\/www.egemtv.com\/?p=47923","title":{"rendered":"\u0130zmir\u2019de t\u0131r sahibi 180 liral\u0131k kantar \u00fccreti i\u00e7in \u00e7al\u0131\u015fan\u0131 vurdu"},"content":{"rendered":"<p>\u0130zmiri\u2019in Bornova il\u00e7esinde 180 TL olan kantar \u00fccretine sinirlenen t\u0131r sahibi, \u00e7al\u0131\u015fan\u0131 pompal\u0131 t\u00fcfekle yaralad\u0131. Sald\u0131rgan\u0131 yakalama \u00e7al\u0131\u015fmalar\u0131n\u0131n s\u00fcrd\u00fc\u011f\u00fc \u00f6\u011frenildi.<br \/>\n<br \/>Olay, ge\u00e7ti\u011fimiz g\u00fcnlerde Bornova il\u00e7esi Egemenlik Mahallesi 6147\/1 Sokak\u2019taki kantarda meydana geldi. \u0130ddiaya g\u00f6re, olaydan iki g\u00fcn \u00f6nce A\u015fk\u0131n K.\u2019a ait t\u0131r, kantarda tart\u0131m yapt\u0131rd\u0131. Tart\u0131m \u00fccreti olarak 180 TL istenince, \u015fof\u00f6r yan\u0131nda para olmad\u0131\u011f\u0131n\u0131 s\u00f6yleyerek ertesi g\u00fcn getirece\u011fini belirtti. Daha sonra \u015fof\u00f6r\u00fcn kantar \u00f6demesini yapt\u0131\u011f\u0131 g\u00fcn\u00fcn gecesinde kantar \u00fccretinin al\u0131nmas\u0131na sinirlenen t\u0131r\u0131n sahibi A\u015fk\u0131n K., \u00e7al\u0131\u015fan\u0131 A.M.R. ile birlikte i\u015f yerine geldi. Burada tart\u0131\u015ft\u0131\u011f\u0131 g\u00f6revli Mehmet Ali Erdan\u2019a (70) pompal\u0131 t\u00fcfekle ate\u015f a\u00e7t\u0131. \u00d6n\u00fcndeki demir korkuluk ve koluyla g\u00f6\u011fs\u00fcn\u00fc kapatmaya \u00e7al\u0131\u015fan Erdan, kolundan k\u0131r\u0131k ve v\u00fccudundan sa\u00e7malar ile yaraland\u0131. Erdan, ambulansla Ege \u00dcniversitesi Hastanesi\u2019ne kald\u0131r\u0131larak tedavi alt\u0131na al\u0131nd\u0131. Olay\u0131n ard\u0131ndan ka\u00e7an A\u015fk\u0131n K.\u2019nin ise yakalanma \u00e7al\u0131\u015fmalar\u0131n\u0131n s\u00fcrd\u00fc\u011f\u00fc \u00f6\u011frenildi.<br \/><\/p>\n","protected":false},"excerpt":{"rendered":"<p>\u0130zmiri\u2019in Bornova il\u00e7esinde 180 TL olan kantar \u00fccretine sinirlenen t\u0131r sahibi, \u00e7al\u0131\u015fan\u0131 pompal\u0131 t\u00fcfekle yaralad\u0131. Sald\u0131rgan\u0131 yakalama \u00e7al\u0131\u015fmalar\u0131n\u0131n s\u00fcrd\u00fc\u011f\u00fc \u00f6\u011frenildi. Olay, ge\u00e7ti\u011fimiz g\u00fcnlerde Bornova il\u00e7esi Egemenlik Mahallesi 6147\/1 Sokak\u2019taki kantarda meydana geldi. \u0130ddiaya g\u00f6re, olaydan iki g\u00fcn \u00f6nce A\u015fk\u0131n K.\u2019a ait t\u0131r, kantarda tart\u0131m yapt\u0131rd\u0131. Tart\u0131m \u00fccreti olarak 180 TL istenince, \u015fof\u00f6r yan\u0131nda para olmad\u0131\u011f\u0131n\u0131&#8230;<\/p>\n","protected":false},"author":1,"featured_media":47924,"comment_status":"open","ping_status":"open","sticky":false,"template":"","format":"standard","meta":{"_crdt_document":"","footnotes":""},"categories":[5],"tags":[],"class_list":["post-47923","post","type-post","status-publish","format-standard","has-post-thumbnail","hentry","category-asayis"],"_links":{"self":[{"href":"https:\/\/www.egemtv.com\/index.php?rest_route=\/wp\/v2\/posts\/47923","targetHints":{"allow":["GET"]}}],"collection":[{"href":"https:\/\/www.egemtv.com\/index.php?rest_route=\/wp\/v2\/posts"}],"about":[{"href":"https:\/\/www.egemtv.com\/index.php?rest_route=\/wp\/v2\/types\/post"}],"author":[{"embeddable":true,"href":"https:\/\/www.egemtv.com\/index.php?rest_route=\/wp\/v2\/users\/1"}],"replies":[{"embeddable":true,"href":"https:\/\/www.egemtv.com\/index.php?rest_route=%2Fwp%2Fv2%2Fcomments&post=47923"}],"version-history":[{"count":1,"href":"https:\/\/www.egemtv.com\/index.php?rest_route=\/wp\/v2\/posts\/47923\/revisions"}],"predecessor-version":[{"id":47925,"href":"https:\/\/www.egemtv.com\/index.php?rest_route=\/wp\/v2\/posts\/47923\/revisions\/47925"}],"wp:featuredmedia":[{"embeddable":true,"href":"https:\/\/www.egemtv.com\/index.php?rest_route=\/wp\/v2\/media\/47924"}],"wp:attachment":[{"href":"https:\/\/www.egemtv.com\/index.php?rest_route=%2Fwp%2Fv2%2Fmedia&parent=47923"}],"wp:term":[{"taxonomy":"category","embeddable":true,"href":"https:\/\/www.egemtv.com\/index.php?rest_route=%2Fwp%2Fv2%2Fcategories&post=47923"},{"taxonomy":"post_tag","embeddable":true,"href":"https:\/\/www.egemtv.com\/index.php?rest_route=%2Fwp%2Fv2%2Ftags&post=47923"}],"curies":[{"name":"wp","href":"https:\/\/api.w.org\/{rel}","templated":true}]}}