{"id":47917,"date":"2025-08-10T17:14:56","date_gmt":"2025-08-10T14:14:56","guid":{"rendered":"https:\/\/www.egemtv.com\/?p=47917"},"modified":"2025-08-10T17:14:57","modified_gmt":"2025-08-10T14:14:57","slug":"gulseren-eray-gokce-cifti-hayatini-birlestirdi","status":"publish","type":"post","link":"https:\/\/www.egemtv.com\/?p=47917","title":{"rendered":"G\u00fclseren-Eray G\u00f6k\u00e7e \u00e7ifti hayat\u0131n\u0131 birle\u015ftirdi"},"content":{"rendered":"<p>Nazilli Belediyesi Bas\u0131n Yay\u0131n ve Halkla ili\u015fkiler birimi Koordinat\u00f6r\u00fc Eray G\u00f6k\u00e7e ile avukat G\u00fclseren Do\u011fan hayat\u0131n\u0131 birle\u015ftirdi. Gen\u00e7 \u00e7iftin nikah\u0131n\u0131 Nazilli Belediye Ba\u015fkan\u0131 Ertu\u011frul Tetik k\u0131yd\u0131.<br \/>\n<br \/>Nazilli\u2019de uzun y\u0131llard\u0131r gazetecilik yapan ve son d\u00f6nemde Nazilli Belediyesi Bas\u0131n Yay\u0131n Halkla \u0130li\u015fkiler Birimi koordinat\u00f6r\u00fc olarak \u00e7al\u0131\u015fmaya ba\u015flayan Eray G\u00f6k\u00e7e, \u0130zmir\u2019de avukatl\u0131k yapan G\u00fclseren Do\u011fan ile hayat\u0131n\u0131 birle\u015ftirdi. Gen\u00e7lerin nikah t\u00f6renine \u00e7ok say\u0131da davetli kat\u0131ld\u0131.<br \/>\n<br \/>Nazilli Belediye Ba\u015fkan\u0131 Dr. Ertu\u011frul Tetik, evlili\u011fin kutsal bir kurum oldu\u011funu kar\u015f\u0131l\u0131kl\u0131 sevgi ve sayg\u0131yla bir \u00f6m\u00fcr boyu s\u00fcrmesini dileyerek \u00e7iftin nikahlar\u0131n\u0131 k\u0131yd\u0131.<br \/>\n<br \/>Nikah t\u00f6renine Do\u011fan ve G\u00f6k\u00e7e Aileleri\u2019nin yak\u0131nlar\u0131n\u0131n yan\u0131 s\u0131ra siyasiler ve gazeteciler kat\u0131ld\u0131. G\u00fclseren-Eray G\u00f6k\u00e7e \u00e7ifti bu mutlu g\u00fcnlerinde kendilerini yaln\u0131z b\u0131rakmayan herkese \u00e7ok te\u015fekk\u00fcr etti.<br \/><\/p>\n","protected":false},"excerpt":{"rendered":"<p>Nazilli Belediyesi Bas\u0131n Yay\u0131n ve Halkla ili\u015fkiler birimi Koordinat\u00f6r\u00fc Eray G\u00f6k\u00e7e ile avukat G\u00fclseren Do\u011fan hayat\u0131n\u0131 birle\u015ftirdi. Gen\u00e7 \u00e7iftin nikah\u0131n\u0131 Nazilli Belediye Ba\u015fkan\u0131 Ertu\u011frul Tetik k\u0131yd\u0131. Nazilli\u2019de uzun y\u0131llard\u0131r gazetecilik yapan ve son d\u00f6nemde Nazilli Belediyesi Bas\u0131n Yay\u0131n Halkla \u0130li\u015fkiler Birimi koordinat\u00f6r\u00fc olarak \u00e7al\u0131\u015fmaya ba\u015flayan Eray G\u00f6k\u00e7e, \u0130zmir\u2019de avukatl\u0131k yapan G\u00fclseren Do\u011fan ile hayat\u0131n\u0131 birle\u015ftirdi&#8230;.<\/p>\n","protected":false},"author":1,"featured_media":47918,"comment_status":"open","ping_status":"open","sticky":false,"template":"","format":"standard","meta":{"_crdt_document":"","footnotes":""},"categories":[1],"tags":[],"class_list":["post-47917","post","type-post","status-publish","format-standard","has-post-thumbnail","hentry","category-guncel"],"_links":{"self":[{"href":"https:\/\/www.egemtv.com\/index.php?rest_route=\/wp\/v2\/posts\/47917","targetHints":{"allow":["GET"]}}],"collection":[{"href":"https:\/\/www.egemtv.com\/index.php?rest_route=\/wp\/v2\/posts"}],"about":[{"href":"https:\/\/www.egemtv.com\/index.php?rest_route=\/wp\/v2\/types\/post"}],"author":[{"embeddable":true,"href":"https:\/\/www.egemtv.com\/index.php?rest_route=\/wp\/v2\/users\/1"}],"replies":[{"embeddable":true,"href":"https:\/\/www.egemtv.com\/index.php?rest_route=%2Fwp%2Fv2%2Fcomments&post=47917"}],"version-history":[{"count":1,"href":"https:\/\/www.egemtv.com\/index.php?rest_route=\/wp\/v2\/posts\/47917\/revisions"}],"predecessor-version":[{"id":47919,"href":"https:\/\/www.egemtv.com\/index.php?rest_route=\/wp\/v2\/posts\/47917\/revisions\/47919"}],"wp:featuredmedia":[{"embeddable":true,"href":"https:\/\/www.egemtv.com\/index.php?rest_route=\/wp\/v2\/media\/47918"}],"wp:attachment":[{"href":"https:\/\/www.egemtv.com\/index.php?rest_route=%2Fwp%2Fv2%2Fmedia&parent=47917"}],"wp:term":[{"taxonomy":"category","embeddable":true,"href":"https:\/\/www.egemtv.com\/index.php?rest_route=%2Fwp%2Fv2%2Fcategories&post=47917"},{"taxonomy":"post_tag","embeddable":true,"href":"https:\/\/www.egemtv.com\/index.php?rest_route=%2Fwp%2Fv2%2Ftags&post=47917"}],"curies":[{"name":"wp","href":"https:\/\/api.w.org\/{rel}","templated":true}]}}