{"id":47914,"date":"2025-08-10T17:14:55","date_gmt":"2025-08-10T14:14:55","guid":{"rendered":"https:\/\/www.egemtv.com\/?p=47914"},"modified":"2025-08-10T17:14:56","modified_gmt":"2025-08-10T14:14:56","slug":"germencikte-parklar-dezenfekte-edildi","status":"publish","type":"post","link":"https:\/\/www.egemtv.com\/?p=47914","title":{"rendered":"Germencik\u2019te parklar dezenfekte edildi"},"content":{"rendered":"<p>Ayd\u0131n\u2019\u0131n Germencik il\u00e7esinde belediye ekipleri, vatanda\u015flar\u0131n sa\u011fl\u0131kl\u0131 ve temiz alanlarda vakit ge\u00e7irebilmesi i\u00e7in park ve ye\u015fil alanlarda temizlik ile dezenfekte \u00e7al\u0131\u015fmalar\u0131 ger\u00e7ekle\u015ftirdi.<\/p>\n<p>Germencik Belediyesi d\u00fczenli olarak y\u00fcr\u00fct\u00fclen \u00e7al\u0131\u015fmalarla hem \u00e7evre temizli\u011fini sa\u011fl\u0131yor hem de vatanda\u015flar\u0131n ortak kullan\u0131m alanlar\u0131n\u0131 daha g\u00fcvenli hale getiriyor. Bu kapsamda il\u00e7ede bulunan parklarda dezenfeksiyon i\u015flemi ger\u00e7ekle\u015ftirildi. Germencik Belediye Ba\u015fkan\u0131 Burak Zencirci sosyal medya hesab\u0131ndan yapt\u0131\u011f\u0131 a\u00e7\u0131klamada, &#8220;Temizlik \u0130\u015fleri M\u00fcd\u00fcrl\u00fc\u011f\u00fcm\u00fcze ba\u011fl\u0131 ekiplerimiz 19 May\u0131s Gen\u00e7lik Park\u0131 ba\u015fta olmak \u00fczere \u0130stasyon Mahallemizde bulunan t\u00fcm parklarda dezenfekte ve temizlik \u00e7al\u0131\u015fmalar\u0131 ger\u00e7ekle\u015ftirdi. Planl\u0131 bir \u015fekilde il\u00e7emizde bulunan t\u00fcm parklarda hijyenik ve sa\u011fl\u0131kl\u0131 alanlar sunmak i\u00e7in \u00e7al\u0131\u015fmalar\u0131m\u0131z s\u00fcr\u00fcyor&#8221; ifadelerine yer verdi.<br \/><\/p>\n","protected":false},"excerpt":{"rendered":"<p>Ayd\u0131n\u2019\u0131n Germencik il\u00e7esinde belediye ekipleri, vatanda\u015flar\u0131n sa\u011fl\u0131kl\u0131 ve temiz alanlarda vakit ge\u00e7irebilmesi i\u00e7in park ve ye\u015fil alanlarda temizlik ile dezenfekte \u00e7al\u0131\u015fmalar\u0131 ger\u00e7ekle\u015ftirdi. Germencik Belediyesi d\u00fczenli olarak y\u00fcr\u00fct\u00fclen \u00e7al\u0131\u015fmalarla hem \u00e7evre temizli\u011fini sa\u011fl\u0131yor hem de vatanda\u015flar\u0131n ortak kullan\u0131m alanlar\u0131n\u0131 daha g\u00fcvenli hale getiriyor. Bu kapsamda il\u00e7ede bulunan parklarda dezenfeksiyon i\u015flemi ger\u00e7ekle\u015ftirildi. Germencik Belediye Ba\u015fkan\u0131 Burak Zencirci&#8230;<\/p>\n","protected":false},"author":1,"featured_media":47915,"comment_status":"open","ping_status":"open","sticky":false,"template":"","format":"standard","meta":{"_crdt_document":"","footnotes":""},"categories":[1],"tags":[],"class_list":["post-47914","post","type-post","status-publish","format-standard","has-post-thumbnail","hentry","category-guncel"],"_links":{"self":[{"href":"https:\/\/www.egemtv.com\/index.php?rest_route=\/wp\/v2\/posts\/47914","targetHints":{"allow":["GET"]}}],"collection":[{"href":"https:\/\/www.egemtv.com\/index.php?rest_route=\/wp\/v2\/posts"}],"about":[{"href":"https:\/\/www.egemtv.com\/index.php?rest_route=\/wp\/v2\/types\/post"}],"author":[{"embeddable":true,"href":"https:\/\/www.egemtv.com\/index.php?rest_route=\/wp\/v2\/users\/1"}],"replies":[{"embeddable":true,"href":"https:\/\/www.egemtv.com\/index.php?rest_route=%2Fwp%2Fv2%2Fcomments&post=47914"}],"version-history":[{"count":1,"href":"https:\/\/www.egemtv.com\/index.php?rest_route=\/wp\/v2\/posts\/47914\/revisions"}],"predecessor-version":[{"id":47916,"href":"https:\/\/www.egemtv.com\/index.php?rest_route=\/wp\/v2\/posts\/47914\/revisions\/47916"}],"wp:featuredmedia":[{"embeddable":true,"href":"https:\/\/www.egemtv.com\/index.php?rest_route=\/wp\/v2\/media\/47915"}],"wp:attachment":[{"href":"https:\/\/www.egemtv.com\/index.php?rest_route=%2Fwp%2Fv2%2Fmedia&parent=47914"}],"wp:term":[{"taxonomy":"category","embeddable":true,"href":"https:\/\/www.egemtv.com\/index.php?rest_route=%2Fwp%2Fv2%2Fcategories&post=47914"},{"taxonomy":"post_tag","embeddable":true,"href":"https:\/\/www.egemtv.com\/index.php?rest_route=%2Fwp%2Fv2%2Ftags&post=47914"}],"curies":[{"name":"wp","href":"https:\/\/api.w.org\/{rel}","templated":true}]}}