{"id":47908,"date":"2025-08-10T16:54:55","date_gmt":"2025-08-10T13:54:55","guid":{"rendered":"https:\/\/www.egemtv.com\/?p=47908"},"modified":"2025-08-10T16:54:56","modified_gmt":"2025-08-10T13:54:56","slug":"denizlideki-orman-yangininda-165-hektar-alan-kul-olmaktan-kurtarildi","status":"publish","type":"post","link":"https:\/\/www.egemtv.com\/?p=47908","title":{"rendered":"Denizli\u2019deki orman yang\u0131n\u0131nda 165 hektar alan k\u00fcl olmaktan kurtar\u0131ld\u0131"},"content":{"rendered":"<p>Denizli\u2019nin Honaz il\u00e7esinde \u00e7\u0131kan orman yang\u0131n\u0131, ekiplerin havadan ve karadan yap\u0131lan yo\u011fun m\u00fccadele sonucu b\u00fcy\u00fcmeden kontrol alt\u0131na al\u0131nd\u0131. 1,5 hektar alan\u0131n zarar g\u00f6rd\u00fc\u011f\u00fc yang\u0131na yap\u0131lan h\u0131zl\u0131 m\u00fcdahale sonucu 165 hektar orman sahas\u0131 yanmaktan kurtar\u0131ld\u0131.<\/p>\n<p>Edinilen bilgiye g\u00f6re; bug\u00fcn saat 13.30 s\u0131ralar\u0131nda Honaz il\u00e7esine ba\u011fl\u0131 Kara\u00e7ay Mahallesi Ku\u015fo\u011flu mevkiindeki ormanl\u0131k alanda hen\u00fcz belirlenemeyen bir nedenle yang\u0131n \u00e7\u0131kt\u0131. B\u00f6lgede etkili olan r\u00fczgar\u0131nda etkisiyle geni\u015f bir alana yay\u0131lan yang\u0131n\u0131n kontrol alt\u0131na al\u0131nabilmesi i\u00e7in Denizli Orman B\u00f6lge M\u00fcd\u00fcrl\u00fc\u011f\u00fcne ba\u011fl\u0131 ekipler taraf\u0131ndan karadan ve havadan m\u00fcdahale edilmeye ba\u015fland\u0131. Yang\u0131n\u0131na havadan 3 helikopterin yan\u0131 s\u0131ra karadan ise 10 araz\u00f6z, 4 i\u015f makinesi, 6 ilk m\u00fcdahale arac\u0131 ve 87 yang\u0131n s\u00f6nd\u00fcrme i\u015f\u00e7isiyle m\u00fcdahale edildi. Yang\u0131n\u0131n b\u00fcy\u00fcmeden kontrol alt\u0131na al\u0131nmas\u0131 i\u00e7in zamana kar\u015f\u0131 verilen m\u00fccadeleye k\u00f6yl\u00fcler de gerek ellerindeki kazma k\u00fcrekler gerekse trakt\u00f6r ve su tankerleriyle destek verdi.<\/p>\n<p>Yang\u0131n mahallindeki Denizli Orman B\u00f6lge M\u00fcd\u00fcrl\u00fc\u011f\u00fc ekiplerinin h\u0131zl\u0131 m\u00fcdahalesi sonucu, yang\u0131n\u0131n ilerleyerek b\u00fcy\u00fcmesine engel olundu. Zaman\u0131nda yap\u0131lan etkili m\u00fcdahale sayesinde, 165 hektar ormanl\u0131k alan\u0131n zarar g\u00f6rmesinin \u00f6n\u00fcne ge\u00e7ildi. Kontrol alt\u0131na al\u0131nan ve so\u011futma \u00e7al\u0131\u015fmalar\u0131n\u0131n devam etti\u011fi yang\u0131nda, yakla\u015f\u0131k 1,5 hektar orman alan\u0131 zarar g\u00f6rd\u00fc.<br \/><\/p>\n","protected":false},"excerpt":{"rendered":"<p>Denizli\u2019nin Honaz il\u00e7esinde \u00e7\u0131kan orman yang\u0131n\u0131, ekiplerin havadan ve karadan yap\u0131lan yo\u011fun m\u00fccadele sonucu b\u00fcy\u00fcmeden kontrol alt\u0131na al\u0131nd\u0131. 1,5 hektar alan\u0131n zarar g\u00f6rd\u00fc\u011f\u00fc yang\u0131na yap\u0131lan h\u0131zl\u0131 m\u00fcdahale sonucu 165 hektar orman sahas\u0131 yanmaktan kurtar\u0131ld\u0131. Edinilen bilgiye g\u00f6re; bug\u00fcn saat 13.30 s\u0131ralar\u0131nda Honaz il\u00e7esine ba\u011fl\u0131 Kara\u00e7ay Mahallesi Ku\u015fo\u011flu mevkiindeki ormanl\u0131k alanda hen\u00fcz belirlenemeyen bir nedenle yang\u0131n&#8230;<\/p>\n","protected":false},"author":1,"featured_media":47909,"comment_status":"open","ping_status":"open","sticky":false,"template":"","format":"standard","meta":{"_crdt_document":"","footnotes":""},"categories":[5],"tags":[],"class_list":["post-47908","post","type-post","status-publish","format-standard","has-post-thumbnail","hentry","category-asayis"],"_links":{"self":[{"href":"https:\/\/www.egemtv.com\/index.php?rest_route=\/wp\/v2\/posts\/47908","targetHints":{"allow":["GET"]}}],"collection":[{"href":"https:\/\/www.egemtv.com\/index.php?rest_route=\/wp\/v2\/posts"}],"about":[{"href":"https:\/\/www.egemtv.com\/index.php?rest_route=\/wp\/v2\/types\/post"}],"author":[{"embeddable":true,"href":"https:\/\/www.egemtv.com\/index.php?rest_route=\/wp\/v2\/users\/1"}],"replies":[{"embeddable":true,"href":"https:\/\/www.egemtv.com\/index.php?rest_route=%2Fwp%2Fv2%2Fcomments&post=47908"}],"version-history":[{"count":1,"href":"https:\/\/www.egemtv.com\/index.php?rest_route=\/wp\/v2\/posts\/47908\/revisions"}],"predecessor-version":[{"id":47910,"href":"https:\/\/www.egemtv.com\/index.php?rest_route=\/wp\/v2\/posts\/47908\/revisions\/47910"}],"wp:featuredmedia":[{"embeddable":true,"href":"https:\/\/www.egemtv.com\/index.php?rest_route=\/wp\/v2\/media\/47909"}],"wp:attachment":[{"href":"https:\/\/www.egemtv.com\/index.php?rest_route=%2Fwp%2Fv2%2Fmedia&parent=47908"}],"wp:term":[{"taxonomy":"category","embeddable":true,"href":"https:\/\/www.egemtv.com\/index.php?rest_route=%2Fwp%2Fv2%2Fcategories&post=47908"},{"taxonomy":"post_tag","embeddable":true,"href":"https:\/\/www.egemtv.com\/index.php?rest_route=%2Fwp%2Fv2%2Ftags&post=47908"}],"curies":[{"name":"wp","href":"https:\/\/api.w.org\/{rel}","templated":true}]}}