{"id":47902,"date":"2025-08-10T15:58:15","date_gmt":"2025-08-10T12:58:15","guid":{"rendered":"https:\/\/www.egemtv.com\/?p=47902"},"modified":"2025-08-10T15:58:16","modified_gmt":"2025-08-10T12:58:16","slug":"fethiyede-uyusturucu-operasyonu-3-tutuklama","status":"publish","type":"post","link":"https:\/\/www.egemtv.com\/?p=47902","title":{"rendered":"Fethiye\u2019de uyu\u015fturucu operasyonu: 3 tutuklama"},"content":{"rendered":"<p>Mu\u011fla\u2019n\u0131n Fethiye il\u00e7esinde Ka\u00e7ak\u00e7\u0131l\u0131k ve Organize Su\u00e7larla M\u00fccadele (KOM) ve Narkotik Su\u00e7larla M\u00fccadele \u015eube M\u00fcd\u00fcrl\u00fc\u011f\u00fc ekiplerinin \u00e7al\u0131\u015fmalar\u0131 sonucu d\u00fczenlenen uyu\u015fturucu operasyonunda g\u00f6zalt\u0131na al\u0131nan \u015f\u00fcphelilerden 3\u2019\u00fc tutuklanarak cezaevine g\u00f6nderildi.<\/p>\n<p>Edinilen bilgiye g\u00f6re, Mu\u011fla \u0130l Emniyet M\u00fcd\u00fcrl\u00fc\u011f\u00fc Ka\u00e7ak\u00e7\u0131l\u0131k ve Organize Su\u00e7larla M\u00fccadele \u015eube M\u00fcd\u00fcrl\u00fc\u011f\u00fc ile Narkotik Su\u00e7larla M\u00fccadele \u015eube M\u00fcd\u00fcrl\u00fc\u011f\u00fc ekipleri Fethiye\u2019de uyu\u015fturucu ticaretini \u00f6nlemeye y\u00f6nelik ortak operasyon ger\u00e7ekle\u015ftirdi. Operasyonda 2 kilo 872 gram esrar maddesi ele ge\u00e7irilirken, 5 \u015f\u00fcpheli hakk\u0131nda TCK 188 (Uyu\u015fturucu veya Uyar\u0131c\u0131 Madde \u0130mal ve Ticareti) su\u00e7undan adli i\u015flem yap\u0131ld\u0131. Mahkemeye \u00e7\u0131kar\u0131lan \u015f\u00fcphelilerden 3\u2019\u00fc tutuklanarak cezaevine g\u00f6nderildi, 2 \u015f\u00fcpheli ise adli kontrol \u015fart\u0131yla serbest b\u0131rak\u0131ld\u0131.<br \/><\/p>\n","protected":false},"excerpt":{"rendered":"<p>Mu\u011fla\u2019n\u0131n Fethiye il\u00e7esinde Ka\u00e7ak\u00e7\u0131l\u0131k ve Organize Su\u00e7larla M\u00fccadele (KOM) ve Narkotik Su\u00e7larla M\u00fccadele \u015eube M\u00fcd\u00fcrl\u00fc\u011f\u00fc ekiplerinin \u00e7al\u0131\u015fmalar\u0131 sonucu d\u00fczenlenen uyu\u015fturucu operasyonunda g\u00f6zalt\u0131na al\u0131nan \u015f\u00fcphelilerden 3\u2019\u00fc tutuklanarak cezaevine g\u00f6nderildi. Edinilen bilgiye g\u00f6re, Mu\u011fla \u0130l Emniyet M\u00fcd\u00fcrl\u00fc\u011f\u00fc Ka\u00e7ak\u00e7\u0131l\u0131k ve Organize Su\u00e7larla M\u00fccadele \u015eube M\u00fcd\u00fcrl\u00fc\u011f\u00fc ile Narkotik Su\u00e7larla M\u00fccadele \u015eube M\u00fcd\u00fcrl\u00fc\u011f\u00fc ekipleri Fethiye\u2019de uyu\u015fturucu ticaretini \u00f6nlemeye y\u00f6nelik ortak&#8230;<\/p>\n","protected":false},"author":1,"featured_media":47903,"comment_status":"open","ping_status":"open","sticky":false,"template":"","format":"standard","meta":{"_crdt_document":"","footnotes":""},"categories":[5],"tags":[],"class_list":["post-47902","post","type-post","status-publish","format-standard","has-post-thumbnail","hentry","category-asayis"],"_links":{"self":[{"href":"https:\/\/www.egemtv.com\/index.php?rest_route=\/wp\/v2\/posts\/47902","targetHints":{"allow":["GET"]}}],"collection":[{"href":"https:\/\/www.egemtv.com\/index.php?rest_route=\/wp\/v2\/posts"}],"about":[{"href":"https:\/\/www.egemtv.com\/index.php?rest_route=\/wp\/v2\/types\/post"}],"author":[{"embeddable":true,"href":"https:\/\/www.egemtv.com\/index.php?rest_route=\/wp\/v2\/users\/1"}],"replies":[{"embeddable":true,"href":"https:\/\/www.egemtv.com\/index.php?rest_route=%2Fwp%2Fv2%2Fcomments&post=47902"}],"version-history":[{"count":1,"href":"https:\/\/www.egemtv.com\/index.php?rest_route=\/wp\/v2\/posts\/47902\/revisions"}],"predecessor-version":[{"id":47904,"href":"https:\/\/www.egemtv.com\/index.php?rest_route=\/wp\/v2\/posts\/47902\/revisions\/47904"}],"wp:featuredmedia":[{"embeddable":true,"href":"https:\/\/www.egemtv.com\/index.php?rest_route=\/wp\/v2\/media\/47903"}],"wp:attachment":[{"href":"https:\/\/www.egemtv.com\/index.php?rest_route=%2Fwp%2Fv2%2Fmedia&parent=47902"}],"wp:term":[{"taxonomy":"category","embeddable":true,"href":"https:\/\/www.egemtv.com\/index.php?rest_route=%2Fwp%2Fv2%2Fcategories&post=47902"},{"taxonomy":"post_tag","embeddable":true,"href":"https:\/\/www.egemtv.com\/index.php?rest_route=%2Fwp%2Fv2%2Ftags&post=47902"}],"curies":[{"name":"wp","href":"https:\/\/api.w.org\/{rel}","templated":true}]}}