{"id":47899,"date":"2025-08-10T15:58:14","date_gmt":"2025-08-10T12:58:14","guid":{"rendered":"https:\/\/www.egemtv.com\/?p=47899"},"modified":"2025-08-10T15:58:15","modified_gmt":"2025-08-10T12:58:15","slug":"buharkentte-taze-incirli-tatlilar-yaristi","status":"publish","type":"post","link":"https:\/\/www.egemtv.com\/?p=47899","title":{"rendered":"Buharkent\u2019te taze incirli tatl\u0131lar yar\u0131\u015ft\u0131"},"content":{"rendered":"<p>Ayd\u0131n\u2019\u0131n Buharkent il\u00e7esinde \u2019Buharkent Belediyesi 18. K\u00fclt\u00fcr Sanat \u015eenli\u011fi ve Taze \u0130ncir Festivali\u2019 kapsam\u0131nda d\u00fczenlenen \u2018\u0130ncir Tatl\u0131s\u0131 Yar\u0131\u015fmas\u0131\u2019 renkli anlara sahne oldu. Kurusu, ya\u015f\u0131, re\u00e7eli, cipsi, \u00e7ekirde\u011finin ya\u011f\u0131 derken bu kez incirden \u00fcretilen tatl\u0131lar yar\u0131\u015ft\u0131.<\/p>\n<p>Taze incirin ba\u015fkenti olarak bilinen Ayd\u0131n\u2019\u0131n Buharkent il\u00e7esinde bu y\u0131l 18\u2019incisi d\u00fczenlenen taze incir festivalinde kad\u0131nlar taraf\u0131ndan haz\u0131rlanan incir tatl\u0131lar\u0131 festivale damga vurdu. Taze incirin ana malzeme olarak kullan\u0131ld\u0131\u011f\u0131 birbirinden ilgin\u00e7 tatl\u0131lar j\u00fcrinin be\u011fenisine sunuldu. 18. Taze \u0130ncir Festivali kapsam\u0131nda, Buharkent Belediyesi Y\u00fczme Havuzu ve Sosyal Tesislerinde d\u00fczenlenen \u0130ncir Tatl\u0131s\u0131 Yar\u0131\u015fmas\u0131nda Buharkent \u0130l\u00e7e Tar\u0131m ve Orman M\u00fcd\u00fcr\u00fc \u0130brahim Selli, Yenipazar \u0130l\u00e7e Tar\u0131m ve Orman M\u00fcd\u00fcr\u00fc Erkan Kas\u0131rga, Buharkent \u0130l\u00e7e Tar\u0131m ve Orman M\u00fcd\u00fcrl\u00fc\u011f\u00fc\u2019nde g\u00f6revli G\u0131da M\u00fchendisi Mira\u00e7 Fatih Kartal ve Buharkent Belediyesi Park ve Bah\u00e7e M\u00fcd\u00fcrl\u00fc\u011f\u00fc\u2019nde g\u00f6revli Ziraat M\u00fchendisi Gamze Sar\u0131 Budak\u00e7\u0131\u2019n\u0131n j\u00fcri \u00fcyeli\u011finde 13 yar\u0131\u015fmac\u0131 haz\u0131rlad\u0131klar\u0131 incirli tatl\u0131larla yar\u0131\u015ft\u0131. Tek tek j\u00fcri \u00fcyelerine tatt\u0131r\u0131lan tatl\u0131lar\u0131 puanlamada olduk\u00e7a zorland\u0131klar\u0131 g\u00f6r\u00fclen j\u00fcri \u00fcyeleri, hayatlar\u0131nda ilk kez bu kadar tatl\u0131y\u0131 k\u0131sa s\u00fcrede tatmak zorunda kald\u0131klar\u0131n\u0131 ifade etti.<\/p>\n<p>Yar\u0131\u015fma sonunda birincili\u011fi Ay\u015fe S\u0131r\u0131ko\u011flu, ikincili\u011fi Alime \u00c7ubuk ve \u00fc\u00e7\u00fcnc\u00fcl\u00fc\u011f\u00fc ise Vesile Uygun elde etti. Yar\u0131\u015fmada ilk \u00fc\u00e7 dereceye giren yar\u0131\u015fmac\u0131lara \u00f6d\u00fcllerini 27. D\u00f6nem Milletvekili Metin Yavuz ile Belediye Ba\u015fkan\u0131 Mehmet Erol takdim etti.<\/p>\n<p>Ba\u015fkan Erol\u2019dan davet<br \/>\n<br \/>Yar\u0131\u015fman\u0131n ard\u0131ndan konu\u015fan Buharkent Belediye Ba\u015fkan\u0131 Mehmet Erol, ama\u00e7lar\u0131n\u0131n d\u00fcnyan\u0131n bir numaras\u0131 olan taze incirin katma de\u011fer elde etmesi i\u00e7in \u00e7e\u015fitli etkinlikler de d\u00fczenlediklerini ifade ederek, &#8220;Geleneksel hale gelmi\u015f yar\u0131\u015fmam\u0131z\u0131 bir kez daha ger\u00e7ekle\u015ftirdik. Her ge\u00e7en y\u0131l hem tatl\u0131 \u00e7e\u015fitleri ve yar\u0131\u015fmac\u0131 say\u0131s\u0131 art\u0131yor. \u0130ncirimize katma de\u011fer sa\u011flamas\u0131 ve ilgi g\u00f6rmesi bizleri \u00e7ok mutlu ediyor. Ben buradan Gastronomi alan\u0131nda \u00e7al\u0131\u015fanlara seslenmek istiyorum. Gelsinler ve incirimizi farkl\u0131 alanlarda de\u011ferlendirsinler&#8221; dedi.<\/p>\n<p>Festivalin ikinci g\u00fcn\u00fc co\u015fku ve m\u00fczikle ge\u00e7ti<br \/>\n<br \/>Festivalin g\u00fcnd\u00fcz etkinliklerinin tamamlanmas\u0131n\u0131n ard\u0131ndan kent meydan\u0131nda d\u00fczenlenen halk konserleri aras\u0131nda festival kapsam\u0131nda d\u00fczenlenen Kentin \u00c7ocuklar\u0131 Voleybol turnuvas\u0131 ve su topu \u015fampiyonas\u0131nda dereceye giren tak\u0131mlara kupalar\u0131 takdim edildi. Halk konserlerinde ise Ba\u015fak Ak\u0131nc\u0131 ve Popstar Harun\u2019un ard\u0131ndan gecenin finalinde duygusal yorumlar\u0131 ve benzersiz sesiyle milyonlar\u0131n kalbinde yer eden \u0130ntizar, alan\u0131 dolduran herkese unutulmaz bir gece ya\u015fatt\u0131.<br \/><\/p>\n","protected":false},"excerpt":{"rendered":"<p>Ayd\u0131n\u2019\u0131n Buharkent il\u00e7esinde \u2019Buharkent Belediyesi 18. K\u00fclt\u00fcr Sanat \u015eenli\u011fi ve Taze \u0130ncir Festivali\u2019 kapsam\u0131nda d\u00fczenlenen \u2018\u0130ncir Tatl\u0131s\u0131 Yar\u0131\u015fmas\u0131\u2019 renkli anlara sahne oldu. Kurusu, ya\u015f\u0131, re\u00e7eli, cipsi, \u00e7ekirde\u011finin ya\u011f\u0131 derken bu kez incirden \u00fcretilen tatl\u0131lar yar\u0131\u015ft\u0131. Taze incirin ba\u015fkenti olarak bilinen Ayd\u0131n\u2019\u0131n Buharkent il\u00e7esinde bu y\u0131l 18\u2019incisi d\u00fczenlenen taze incir festivalinde kad\u0131nlar taraf\u0131ndan haz\u0131rlanan incir tatl\u0131lar\u0131&#8230;<\/p>\n","protected":false},"author":1,"featured_media":47900,"comment_status":"open","ping_status":"open","sticky":false,"template":"","format":"standard","meta":{"_crdt_document":"","footnotes":""},"categories":[1],"tags":[],"class_list":["post-47899","post","type-post","status-publish","format-standard","has-post-thumbnail","hentry","category-guncel"],"_links":{"self":[{"href":"https:\/\/www.egemtv.com\/index.php?rest_route=\/wp\/v2\/posts\/47899","targetHints":{"allow":["GET"]}}],"collection":[{"href":"https:\/\/www.egemtv.com\/index.php?rest_route=\/wp\/v2\/posts"}],"about":[{"href":"https:\/\/www.egemtv.com\/index.php?rest_route=\/wp\/v2\/types\/post"}],"author":[{"embeddable":true,"href":"https:\/\/www.egemtv.com\/index.php?rest_route=\/wp\/v2\/users\/1"}],"replies":[{"embeddable":true,"href":"https:\/\/www.egemtv.com\/index.php?rest_route=%2Fwp%2Fv2%2Fcomments&post=47899"}],"version-history":[{"count":1,"href":"https:\/\/www.egemtv.com\/index.php?rest_route=\/wp\/v2\/posts\/47899\/revisions"}],"predecessor-version":[{"id":47901,"href":"https:\/\/www.egemtv.com\/index.php?rest_route=\/wp\/v2\/posts\/47899\/revisions\/47901"}],"wp:featuredmedia":[{"embeddable":true,"href":"https:\/\/www.egemtv.com\/index.php?rest_route=\/wp\/v2\/media\/47900"}],"wp:attachment":[{"href":"https:\/\/www.egemtv.com\/index.php?rest_route=%2Fwp%2Fv2%2Fmedia&parent=47899"}],"wp:term":[{"taxonomy":"category","embeddable":true,"href":"https:\/\/www.egemtv.com\/index.php?rest_route=%2Fwp%2Fv2%2Fcategories&post=47899"},{"taxonomy":"post_tag","embeddable":true,"href":"https:\/\/www.egemtv.com\/index.php?rest_route=%2Fwp%2Fv2%2Ftags&post=47899"}],"curies":[{"name":"wp","href":"https:\/\/api.w.org\/{rel}","templated":true}]}}