{"id":47896,"date":"2025-08-10T15:34:32","date_gmt":"2025-08-10T12:34:32","guid":{"rendered":"https:\/\/www.egemtv.com\/?p=47896"},"modified":"2025-08-10T15:34:33","modified_gmt":"2025-08-10T12:34:33","slug":"baskan-yildirimkaya-kabaca-mahallesindeki-sorunu-cozume-kavusturdu","status":"publish","type":"post","link":"https:\/\/www.egemtv.com\/?p=47896","title":{"rendered":"Ba\u015fkan Y\u0131ld\u0131r\u0131mkaya Kabaca Mahallesi\u2019ndeki sorunu \u00e7\u00f6z\u00fcme kavu\u015fturdu"},"content":{"rendered":"<p>Ayd\u0131n\u2019\u0131n Sultanhisar il\u00e7esine ba\u011fl\u0131 Kabaca Mahallesi\u2019nde devlet karayoluna paralel konumdaki servis yolunda ya\u015fanan menfez sorunu yap\u0131lan \u00e7al\u0131\u015fma ile \u00e7\u00f6z\u00fcme kavu\u015fturuldu.<\/p>\n<p>Sultanhisar Belediyesi il\u00e7e genelinde vatanda\u015flar\u0131n g\u00fcnl\u00fck ya\u015fam\u0131n\u0131 kolayla\u015ft\u0131racak \u00e7al\u0131\u015fmalara devam ediyor. Kabaca Mahallesi\u2019nde devlet karayoluna paralel konumdaki servis yolunda ya\u015fanan menfez sorununa Belediye Ba\u015fkan\u0131 Osman Y\u0131ld\u0131r\u0131mkaya el att\u0131. Sultanhisar Belediye Ba\u015fkan\u0131 Osman Y\u0131ld\u0131r\u0131mkaya sosyal medya hesab\u0131ndan yapt\u0131\u011f\u0131 a\u00e7\u0131klamada, &#8220;\u0130l\u00e7emiz Kabaca Mahallemizde devlet karayoluna paralel konumdaki servis yolunda y\u0131llard\u0131r problem olan menfez k\u00f6pr\u00fc yap\u0131larak \u00e7\u00f6z\u00fcme kavu\u015fturulmu\u015ftur&#8221; ifadelerini kulland\u0131.<br \/><\/p>\n","protected":false},"excerpt":{"rendered":"<p>Ayd\u0131n\u2019\u0131n Sultanhisar il\u00e7esine ba\u011fl\u0131 Kabaca Mahallesi\u2019nde devlet karayoluna paralel konumdaki servis yolunda ya\u015fanan menfez sorunu yap\u0131lan \u00e7al\u0131\u015fma ile \u00e7\u00f6z\u00fcme kavu\u015fturuldu. Sultanhisar Belediyesi il\u00e7e genelinde vatanda\u015flar\u0131n g\u00fcnl\u00fck ya\u015fam\u0131n\u0131 kolayla\u015ft\u0131racak \u00e7al\u0131\u015fmalara devam ediyor. Kabaca Mahallesi\u2019nde devlet karayoluna paralel konumdaki servis yolunda ya\u015fanan menfez sorununa Belediye Ba\u015fkan\u0131 Osman Y\u0131ld\u0131r\u0131mkaya el att\u0131. Sultanhisar Belediye Ba\u015fkan\u0131 Osman Y\u0131ld\u0131r\u0131mkaya sosyal medya&#8230;<\/p>\n","protected":false},"author":1,"featured_media":47897,"comment_status":"open","ping_status":"open","sticky":false,"template":"","format":"standard","meta":{"_crdt_document":"","footnotes":""},"categories":[1],"tags":[],"class_list":["post-47896","post","type-post","status-publish","format-standard","has-post-thumbnail","hentry","category-guncel"],"_links":{"self":[{"href":"https:\/\/www.egemtv.com\/index.php?rest_route=\/wp\/v2\/posts\/47896","targetHints":{"allow":["GET"]}}],"collection":[{"href":"https:\/\/www.egemtv.com\/index.php?rest_route=\/wp\/v2\/posts"}],"about":[{"href":"https:\/\/www.egemtv.com\/index.php?rest_route=\/wp\/v2\/types\/post"}],"author":[{"embeddable":true,"href":"https:\/\/www.egemtv.com\/index.php?rest_route=\/wp\/v2\/users\/1"}],"replies":[{"embeddable":true,"href":"https:\/\/www.egemtv.com\/index.php?rest_route=%2Fwp%2Fv2%2Fcomments&post=47896"}],"version-history":[{"count":1,"href":"https:\/\/www.egemtv.com\/index.php?rest_route=\/wp\/v2\/posts\/47896\/revisions"}],"predecessor-version":[{"id":47898,"href":"https:\/\/www.egemtv.com\/index.php?rest_route=\/wp\/v2\/posts\/47896\/revisions\/47898"}],"wp:featuredmedia":[{"embeddable":true,"href":"https:\/\/www.egemtv.com\/index.php?rest_route=\/wp\/v2\/media\/47897"}],"wp:attachment":[{"href":"https:\/\/www.egemtv.com\/index.php?rest_route=%2Fwp%2Fv2%2Fmedia&parent=47896"}],"wp:term":[{"taxonomy":"category","embeddable":true,"href":"https:\/\/www.egemtv.com\/index.php?rest_route=%2Fwp%2Fv2%2Fcategories&post=47896"},{"taxonomy":"post_tag","embeddable":true,"href":"https:\/\/www.egemtv.com\/index.php?rest_route=%2Fwp%2Fv2%2Ftags&post=47896"}],"curies":[{"name":"wp","href":"https:\/\/api.w.org\/{rel}","templated":true}]}}