{"id":47893,"date":"2025-08-10T15:15:01","date_gmt":"2025-08-10T12:15:01","guid":{"rendered":"https:\/\/www.egemtv.com\/?p=47893"},"modified":"2025-08-10T15:15:02","modified_gmt":"2025-08-10T12:15:02","slug":"yuntdagi-yoresel-urunler-pazari-acildi","status":"publish","type":"post","link":"https:\/\/www.egemtv.com\/?p=47893","title":{"rendered":"Yuntda\u011f\u0131 Y\u00f6resel \u00dcr\u00fcnler Pazar\u0131 a\u00e7\u0131ld\u0131"},"content":{"rendered":"<p>Yunusemre Belediyesi taraf\u0131ndan Yuntda\u011f\u0131\u2019ndaki \u00fcreticilere destek olmak amac\u0131yla geleneksel hale getirilmesi planlanan Yuntda\u011f\u0131 Y\u00f6resel \u00dcr\u00fcnler Pazar\u0131, Ortak\u00f6y Mesire Alan\u0131\u2019nda a\u00e7\u0131ld\u0131.<br \/>\n<br \/>G\u0131dadan el eme\u011fi \u00fcr\u00fcnlere kadar bir\u00e7ok \u00fcr\u00fcn\u00fcn yer ald\u0131\u011f\u0131 pazarda, kad\u0131nlar\u0131n istihdama kat\u0131l\u0131m\u0131 ve \u00fcreticilerin ekonomik kazan\u00e7 sa\u011flamas\u0131 hedefleniyor. Etkinli\u011fe kat\u0131lmak isteyen vatanda\u015flar i\u00e7in belirlenen g\u00fczergahlardan saat 09.00, 11.00 ve 13.00\u2019te \u00fccretsiz servis imkan\u0131 sa\u011fland\u0131. Yunusemre Belediye Ba\u015fkan\u0131 Semih Balaban, Belediye Ba\u015fkan Yard\u0131mc\u0131s\u0131 Mesut Do\u011fan ile birlikte pazar\u0131 ziyaret ederek \u00fcreticilere hay\u0131rl\u0131 i\u015fler diledi. \u00dcreticiler, desteklerinden dolay\u0131 Ba\u015fkan Balaban\u2019a te\u015fekk\u00fcr etti.<br \/>\n<br \/>Servis g\u00fczergahlar\u0131 \u015fu \u015fekilde: &#8220;G\u00fczergah 1: Yunusemre Belediyesi (Saruhanbey Camii), Akmescit Cumhuriyet \u0130lk\u00f6\u011fretim \u00d6n\u00fc, \u015eeyh Fenari Camii Kar\u015f\u0131s\u0131, Hac\u0131 Yahya Camii \u0130ki L\u00fcleli \u00d6n\u00fc, K\u0131rm\u0131z\u0131 K\u00f6pr\u00fc, Sultan Camii, Kuyumcular \u00c7ar\u015f\u0131s\u0131 Giri\u015fi, 15 Temmuz Demokrasi Meydan\u0131 (8 Havuzu), Ulupark K\u00f6\u015fesi, K\u00fclt\u00fcr Sitesi, Manisa Lisesi, Eski Garaj Kar\u015f\u0131s\u0131, 8 Eyl\u00fcl \u0130lkokulu, Tek \u00c7am, Cumhuriyet Mah. Taziye Evi \u00d6n\u00fc, Menemen Yolu. G\u00fczergah 2: \u015eehzadeler Ziraat Odas\u0131 \u00d6n\u00fc, Devlet Hastanesi Kav\u015fa\u011f\u0131, Manisa Tren Gar\u0131, Manisa \u00d6\u011fretmen Evi, Barbaros Karakol Dura\u011f\u0131, Tabakhane Dura\u011f\u0131, Horozk\u00f6y Toprak Mahsulleri Ofisi Kar\u015f\u0131s\u0131, Horozk\u00f6y Tren Gar\u0131, Horozk\u00f6y Meydan\u0131, Ba\u011fc\u0131l\u0131k Ara\u015ft\u0131rma Merkezi \u00d6n\u00fc, Horozk\u00f6y Pazar Yeri, Evrenos Giri\u015fi, Muradiye Ek Hizmet Binas\u0131, Muradiye Pazar Yeri, Muradiye Tren Gar\u0131, MCB\u00dc Kamp\u00fcs Giri\u015fi, Ortak\u00f6y. G\u00fczergah 3: Alaybey Zab\u0131ta \u00d6n\u00fc, Alaybey Pazar Yeri, H\u00fck\u00fcmet Kona\u011f\u0131 (Valilik \u00d6n\u00fc), 15 Temmuz Demokrasi Meydan\u0131 (8 Havuzu), Ulupark Kar\u015f\u0131s\u0131 (Akbank \u00d6n\u00fc), Cafe Sera Kar\u015f\u0131s\u0131, SGK Kar\u015f\u0131s\u0131, Gediz T\u0131p Merkezi \u00d6n\u00fc, Lale Meydan\u0131, Laleli Mesir Camii \u00d6n\u00fc, Eski ETV Dura\u011f\u0131, Tarzan Bulvar\u0131 \u00dczerinden, \u0130MKB K\u0131z Meslek Lisesi Kar\u015f\u0131s\u0131, G\u00f6\u00e7men Evleri, Menemen Yolu, Ortak\u00f6y. G\u00fczergah 4: Akgedik Toki-1.Etap, Akgedik Toki-2.Etap, Ortak\u00f6y.&#8221;<br \/><\/p>\n","protected":false},"excerpt":{"rendered":"<p>Yunusemre Belediyesi taraf\u0131ndan Yuntda\u011f\u0131\u2019ndaki \u00fcreticilere destek olmak amac\u0131yla geleneksel hale getirilmesi planlanan Yuntda\u011f\u0131 Y\u00f6resel \u00dcr\u00fcnler Pazar\u0131, Ortak\u00f6y Mesire Alan\u0131\u2019nda a\u00e7\u0131ld\u0131. G\u0131dadan el eme\u011fi \u00fcr\u00fcnlere kadar bir\u00e7ok \u00fcr\u00fcn\u00fcn yer ald\u0131\u011f\u0131 pazarda, kad\u0131nlar\u0131n istihdama kat\u0131l\u0131m\u0131 ve \u00fcreticilerin ekonomik kazan\u00e7 sa\u011flamas\u0131 hedefleniyor. Etkinli\u011fe kat\u0131lmak isteyen vatanda\u015flar i\u00e7in belirlenen g\u00fczergahlardan saat 09.00, 11.00 ve 13.00\u2019te \u00fccretsiz servis imkan\u0131 sa\u011fland\u0131&#8230;.<\/p>\n","protected":false},"author":1,"featured_media":47894,"comment_status":"open","ping_status":"open","sticky":false,"template":"","format":"standard","meta":{"_crdt_document":"","footnotes":""},"categories":[125],"tags":[],"class_list":["post-47893","post","type-post","status-publish","format-standard","has-post-thumbnail","hentry","category-ekonomi"],"_links":{"self":[{"href":"https:\/\/www.egemtv.com\/index.php?rest_route=\/wp\/v2\/posts\/47893","targetHints":{"allow":["GET"]}}],"collection":[{"href":"https:\/\/www.egemtv.com\/index.php?rest_route=\/wp\/v2\/posts"}],"about":[{"href":"https:\/\/www.egemtv.com\/index.php?rest_route=\/wp\/v2\/types\/post"}],"author":[{"embeddable":true,"href":"https:\/\/www.egemtv.com\/index.php?rest_route=\/wp\/v2\/users\/1"}],"replies":[{"embeddable":true,"href":"https:\/\/www.egemtv.com\/index.php?rest_route=%2Fwp%2Fv2%2Fcomments&post=47893"}],"version-history":[{"count":1,"href":"https:\/\/www.egemtv.com\/index.php?rest_route=\/wp\/v2\/posts\/47893\/revisions"}],"predecessor-version":[{"id":47895,"href":"https:\/\/www.egemtv.com\/index.php?rest_route=\/wp\/v2\/posts\/47893\/revisions\/47895"}],"wp:featuredmedia":[{"embeddable":true,"href":"https:\/\/www.egemtv.com\/index.php?rest_route=\/wp\/v2\/media\/47894"}],"wp:attachment":[{"href":"https:\/\/www.egemtv.com\/index.php?rest_route=%2Fwp%2Fv2%2Fmedia&parent=47893"}],"wp:term":[{"taxonomy":"category","embeddable":true,"href":"https:\/\/www.egemtv.com\/index.php?rest_route=%2Fwp%2Fv2%2Fcategories&post=47893"},{"taxonomy":"post_tag","embeddable":true,"href":"https:\/\/www.egemtv.com\/index.php?rest_route=%2Fwp%2Fv2%2Ftags&post=47893"}],"curies":[{"name":"wp","href":"https:\/\/api.w.org\/{rel}","templated":true}]}}