{"id":47887,"date":"2025-08-10T14:55:39","date_gmt":"2025-08-10T11:55:39","guid":{"rendered":"https:\/\/www.egemtv.com\/?p=47887"},"modified":"2025-08-10T14:55:39","modified_gmt":"2025-08-10T11:55:39","slug":"honazdaki-orman-yanginina-karadan-ve-havadan-mudahale-ediliyor","status":"publish","type":"post","link":"https:\/\/www.egemtv.com\/?p=47887","title":{"rendered":"Honaz\u2019daki orman yang\u0131n\u0131na karadan ve havadan m\u00fcdahale ediliyor"},"content":{"rendered":"<p>Denizli\u2019nin Honaz il\u00e7esinde \u00e7\u0131kan orman yang\u0131na karadan m\u00fcdahale edilirken, havadan ise 3 helikopterle \u00e7al\u0131\u015fmalara destek veriliyor.<\/p>\n<p>Edinilen bilgiye g\u00f6re; bug\u00fcn saat 13.30 s\u0131ralar\u0131nda Honaz il\u00e7esine ba\u011fl\u0131 Kara\u00e7ay Mahallesi Ku\u015fo\u011flu mevkiindeki ormanl\u0131k alanda hen\u00fcz belirlenemeyen bir nedenle yang\u0131n \u00e7\u0131kt\u0131. B\u00f6lgede etkili olan r\u00fczgar\u0131nda etkisiyle geni\u015f bir alana yay\u0131lan yang\u0131n\u0131n kontrol alt\u0131na al\u0131nabilmesi i\u00e7in Denizli Orman B\u00f6lge M\u00fcd\u00fcrl\u00fc\u011f\u00fcne ba\u011fl\u0131 ekipler taraf\u0131ndan karadan ve havadan m\u00fcdahale edilmeye ba\u015fland\u0131.<\/p>\n<p>Yang\u0131n\u0131na havadan 3 helikopterin yan\u0131 s\u0131ra karadan ise 10 araz\u00f6z, 1 i\u015f makinesi, 4 ilk m\u00fcdahale arac\u0131 ve 78 yang\u0131n s\u00f6nd\u00fcrme i\u015f\u00e7isiyle m\u00fcdahale ediliyor. Yang\u0131n\u0131n b\u00fcy\u00fcmeden kontrol alt\u0131na al\u0131nmas\u0131 i\u00e7in zamana kar\u015f\u0131 verilen m\u00fccadeleye k\u00f6yl\u00fcler de gerek ellerindeki kazma k\u00fcrekler gerekse trakt\u00f6r ve su tankerleriyle destek veriyor.<br \/><\/p>\n","protected":false},"excerpt":{"rendered":"<p>Denizli\u2019nin Honaz il\u00e7esinde \u00e7\u0131kan orman yang\u0131na karadan m\u00fcdahale edilirken, havadan ise 3 helikopterle \u00e7al\u0131\u015fmalara destek veriliyor. Edinilen bilgiye g\u00f6re; bug\u00fcn saat 13.30 s\u0131ralar\u0131nda Honaz il\u00e7esine ba\u011fl\u0131 Kara\u00e7ay Mahallesi Ku\u015fo\u011flu mevkiindeki ormanl\u0131k alanda hen\u00fcz belirlenemeyen bir nedenle yang\u0131n \u00e7\u0131kt\u0131. B\u00f6lgede etkili olan r\u00fczgar\u0131nda etkisiyle geni\u015f bir alana yay\u0131lan yang\u0131n\u0131n kontrol alt\u0131na al\u0131nabilmesi i\u00e7in Denizli Orman B\u00f6lge&#8230;<\/p>\n","protected":false},"author":1,"featured_media":47888,"comment_status":"open","ping_status":"open","sticky":false,"template":"","format":"standard","meta":{"_crdt_document":"","footnotes":""},"categories":[5],"tags":[],"class_list":["post-47887","post","type-post","status-publish","format-standard","has-post-thumbnail","hentry","category-asayis"],"_links":{"self":[{"href":"https:\/\/www.egemtv.com\/index.php?rest_route=\/wp\/v2\/posts\/47887","targetHints":{"allow":["GET"]}}],"collection":[{"href":"https:\/\/www.egemtv.com\/index.php?rest_route=\/wp\/v2\/posts"}],"about":[{"href":"https:\/\/www.egemtv.com\/index.php?rest_route=\/wp\/v2\/types\/post"}],"author":[{"embeddable":true,"href":"https:\/\/www.egemtv.com\/index.php?rest_route=\/wp\/v2\/users\/1"}],"replies":[{"embeddable":true,"href":"https:\/\/www.egemtv.com\/index.php?rest_route=%2Fwp%2Fv2%2Fcomments&post=47887"}],"version-history":[{"count":1,"href":"https:\/\/www.egemtv.com\/index.php?rest_route=\/wp\/v2\/posts\/47887\/revisions"}],"predecessor-version":[{"id":47889,"href":"https:\/\/www.egemtv.com\/index.php?rest_route=\/wp\/v2\/posts\/47887\/revisions\/47889"}],"wp:featuredmedia":[{"embeddable":true,"href":"https:\/\/www.egemtv.com\/index.php?rest_route=\/wp\/v2\/media\/47888"}],"wp:attachment":[{"href":"https:\/\/www.egemtv.com\/index.php?rest_route=%2Fwp%2Fv2%2Fmedia&parent=47887"}],"wp:term":[{"taxonomy":"category","embeddable":true,"href":"https:\/\/www.egemtv.com\/index.php?rest_route=%2Fwp%2Fv2%2Fcategories&post=47887"},{"taxonomy":"post_tag","embeddable":true,"href":"https:\/\/www.egemtv.com\/index.php?rest_route=%2Fwp%2Fv2%2Ftags&post=47887"}],"curies":[{"name":"wp","href":"https:\/\/api.w.org\/{rel}","templated":true}]}}