{"id":47884,"date":"2025-08-10T14:55:38","date_gmt":"2025-08-10T11:55:38","guid":{"rendered":"https:\/\/www.egemtv.com\/?p=47884"},"modified":"2025-08-10T14:55:39","modified_gmt":"2025-08-10T11:55:39","slug":"bodrum-koylari-istilaci-yat-turu-tehlikesi-altinda","status":"publish","type":"post","link":"https:\/\/www.egemtv.com\/?p=47884","title":{"rendered":"&#8220;Bodrum koylar\u0131 \u2019istilac\u0131 yat t\u00fcr\u00fc\u2019 tehlikesi alt\u0131nda&#8221;"},"content":{"rendered":"<p>Mu\u011fla\u2019n\u0131n Bodrum il\u00e7esinde, bu sezon \u00f6zel yat say\u0131s\u0131ndaki rekor art\u0131\u015f, hem deniz ekosistemini hem de yerel denizcilik ekonomisini tehdit eder boyuta ula\u015ft\u0131. Bodrum Denizciler Derne\u011fi, yasa d\u0131\u015f\u0131 at\u0131k bo\u015falt\u0131m\u0131, uzun s\u00fcreli demirleme ve denetim eksikli\u011fi nedeniyle \u2019istilac\u0131 yat t\u00fcr\u00fc\u2019 olarak nitelendirdi\u011fi \u00f6zel teknelerin, koylardaki ya\u015fam\u0131 yok olma noktas\u0131na getirdi\u011fini a\u00e7\u0131klad\u0131.<br \/>\n<br \/>Dernek Ba\u015fkan\u0131 Tuna Altunkaya, ticari teknelerin g\u00fcnl\u00fck ya da haftal\u0131k at\u0131k teslimi zorunlulu\u011fu bulundu\u011funu ve s\u0131k\u0131 \u015fekilde denetlendi\u011fini belirterek, &#8220;Kurallara uymayanlara y\u00fcz binlerce lira ceza kesiliyor. Ancak bu y\u0131l say\u0131s\u0131 e\u015fi benzeri g\u00f6r\u00fclmemi\u015f \u015fekilde artan \u00f6zel yatlar, \u00e7o\u011fu zaman ba\u011flant\u0131lar\u0131 sayesinde denetim d\u0131\u015f\u0131 kal\u0131yor&#8221; dedi.<\/p>\n<p>Aylarca ayn\u0131 koyda at\u0131k b\u0131rak\u0131yorlar<br \/>\n<br \/>Baz\u0131 \u00f6zel yatlar\u0131n koylarda aylarca demirli kalarak deniz dibine, bitki \u00f6rt\u00fcs\u00fcne ve bal\u0131k pop\u00fclasyonuna b\u00fcy\u00fck zarar verdi\u011fini belirten Altunkaya, &#8220;Baz\u0131 b\u00f6lgelerde deniz kenar\u0131nda y\u00fcr\u00fcrken bile a\u011f\u0131r at\u0131k kokusu hissediliyor. Kaptanlar\u0131m\u0131z art\u0131k guletleri koylara sokacak yer bulamaz hale geldi&#8221; ifadelerini kulland\u0131.<\/p>\n<p>Halktan destek \u00e7a\u011fr\u0131s\u0131<br \/>\n<br \/>Altunkaya, kirlili\u011fin kayna\u011f\u0131n\u0131n a\u00e7\u0131k\u00e7a dile getirilmesi gerekti\u011fini vurgulayarak, &#8220;T\u00fcm Bodrum halk\u0131n\u0131, koylar\u0131m\u0131z\u0131 ele ge\u00e7iren bu \u00f6zel yat sahiplerine kar\u015f\u0131 ses \u00e7\u0131karmaya davet ediyorum. Ya deniz ahlak\u0131n\u0131 \u00f6\u011frenecekler ya da bu koylardan gidecekler. Aksi halde ticari teknelerimiz haks\u0131z yere hedef haline geliyor&#8221; diye konu\u015ftu.<\/p>\n<p>Bakanl\u0131klara \u00e7\u00f6z\u00fcm \u00f6nerisi<br \/>\n<br \/>Bodrum Denizciler Derne\u011fi, di\u011fer denizcilik payda\u015flar\u0131yla birlikte haz\u0131rlad\u0131\u011f\u0131 \u00e7\u00f6z\u00fcm \u00f6nerilerini Ula\u015ft\u0131rma, \u00c7evre ve Turizm Bakanl\u0131klar\u0131na iletecek. Ama\u00e7, yasal bo\u015fluklar\u0131 kapatarak istilac\u0131 yat t\u00fcr\u00fcne kar\u015f\u0131 hem deniz ekosistemini hem de ticari filosunu korumak.<br \/><\/p>\n","protected":false},"excerpt":{"rendered":"<p>Mu\u011fla\u2019n\u0131n Bodrum il\u00e7esinde, bu sezon \u00f6zel yat say\u0131s\u0131ndaki rekor art\u0131\u015f, hem deniz ekosistemini hem de yerel denizcilik ekonomisini tehdit eder boyuta ula\u015ft\u0131. Bodrum Denizciler Derne\u011fi, yasa d\u0131\u015f\u0131 at\u0131k bo\u015falt\u0131m\u0131, uzun s\u00fcreli demirleme ve denetim eksikli\u011fi nedeniyle \u2019istilac\u0131 yat t\u00fcr\u00fc\u2019 olarak nitelendirdi\u011fi \u00f6zel teknelerin, koylardaki ya\u015fam\u0131 yok olma noktas\u0131na getirdi\u011fini a\u00e7\u0131klad\u0131. Dernek Ba\u015fkan\u0131 Tuna Altunkaya, ticari&#8230;<\/p>\n","protected":false},"author":1,"featured_media":47885,"comment_status":"open","ping_status":"open","sticky":false,"template":"","format":"standard","meta":{"_crdt_document":"","footnotes":""},"categories":[1],"tags":[],"class_list":["post-47884","post","type-post","status-publish","format-standard","has-post-thumbnail","hentry","category-guncel"],"_links":{"self":[{"href":"https:\/\/www.egemtv.com\/index.php?rest_route=\/wp\/v2\/posts\/47884","targetHints":{"allow":["GET"]}}],"collection":[{"href":"https:\/\/www.egemtv.com\/index.php?rest_route=\/wp\/v2\/posts"}],"about":[{"href":"https:\/\/www.egemtv.com\/index.php?rest_route=\/wp\/v2\/types\/post"}],"author":[{"embeddable":true,"href":"https:\/\/www.egemtv.com\/index.php?rest_route=\/wp\/v2\/users\/1"}],"replies":[{"embeddable":true,"href":"https:\/\/www.egemtv.com\/index.php?rest_route=%2Fwp%2Fv2%2Fcomments&post=47884"}],"version-history":[{"count":1,"href":"https:\/\/www.egemtv.com\/index.php?rest_route=\/wp\/v2\/posts\/47884\/revisions"}],"predecessor-version":[{"id":47886,"href":"https:\/\/www.egemtv.com\/index.php?rest_route=\/wp\/v2\/posts\/47884\/revisions\/47886"}],"wp:featuredmedia":[{"embeddable":true,"href":"https:\/\/www.egemtv.com\/index.php?rest_route=\/wp\/v2\/media\/47885"}],"wp:attachment":[{"href":"https:\/\/www.egemtv.com\/index.php?rest_route=%2Fwp%2Fv2%2Fmedia&parent=47884"}],"wp:term":[{"taxonomy":"category","embeddable":true,"href":"https:\/\/www.egemtv.com\/index.php?rest_route=%2Fwp%2Fv2%2Fcategories&post=47884"},{"taxonomy":"post_tag","embeddable":true,"href":"https:\/\/www.egemtv.com\/index.php?rest_route=%2Fwp%2Fv2%2Ftags&post=47884"}],"curies":[{"name":"wp","href":"https:\/\/api.w.org\/{rel}","templated":true}]}}