{"id":47881,"date":"2025-08-10T14:55:37","date_gmt":"2025-08-10T11:55:37","guid":{"rendered":"https:\/\/www.egemtv.com\/?p=47881"},"modified":"2025-08-10T14:55:38","modified_gmt":"2025-08-10T11:55:38","slug":"ureticiler-ve-zirai-ilac-bayilerine-kalintiyi-onleme-yontemleri-anlatildi","status":"publish","type":"post","link":"https:\/\/www.egemtv.com\/?p=47881","title":{"rendered":"\u00dcreticiler ve zirai ila\u00e7 bayilerine kal\u0131nt\u0131y\u0131 \u00f6nleme y\u00f6ntemleri anlat\u0131ld\u0131"},"content":{"rendered":"<p>DEN\u0130ZL\u0130 (\u0130HA) \u2013 Denizli\u2019de \u00fcreticiler ve zirai ila\u00e7 bayilerine bitki koruma \u00fcr\u00fcnlerinin s\u00fcrd\u00fcr\u00fclebilir kullan\u0131m\u0131 ve kal\u0131nt\u0131n\u0131n \u00f6nlenmesi anlat\u0131ld\u0131.<\/p>\n<p>Denizli\u2019de &#8220;Bitki Koruma \u00dcr\u00fcnlerinin S\u00fcrd\u00fcr\u00fclebilir Kullan\u0131m\u0131 ve Kal\u0131nt\u0131n\u0131n \u00d6nlenmesi&#8221; toplant\u0131s\u0131 ger\u00e7ekle\u015ftirildi. Tar\u0131m ve Orman Bakanl\u0131\u011f\u0131 G\u0131da ve Kontrol Genel M\u00fcd\u00fcrl\u00fc\u011f\u00fcn\u00fcn 2025 y\u0131l\u0131 Bitki Sa\u011fl\u0131\u011f\u0131 Uygulama Program\u0131 kapsam\u0131nda d\u00fczenlenen &#8220;Bitki Koruma \u00dcr\u00fcnlerinin S\u00fcrd\u00fcr\u00fclebilir Kullan\u0131m\u0131 ve Kal\u0131nt\u0131n\u0131n \u00d6nlenmesi&#8221; konulu bilgilendirme toplant\u0131s\u0131, Gen\u00e7lik ve Spor \u0130l M\u00fcd\u00fcrl\u00fc\u011f\u00fc toplant\u0131 salonunda ger\u00e7ekle\u015ftirildi.<\/p>\n<p>Toplant\u0131ya Tar\u0131m ve Orman \u0130l M\u00fcd\u00fcr\u00fc Mustafa Nevzat Zayim, Bakanl\u0131k G\u0131da Kontrol Genel M\u00fcd\u00fcrl\u00fc\u011f\u00fcnden \u00c7al\u0131\u015fma Grup Sorumlusu \u00dcmit U\u011fur Bah\u00e7e, Bornova Zirai M\u00fccadele Ara\u015ft\u0131rma Enstit\u00fcs\u00fcnden konu uzman\u0131 Hakan \u00d6rnek, il ve il\u00e7e m\u00fcd\u00fcrl\u00fc\u011f\u00fc teknik personeli, STK yetkilileri, teknik personel, zirai ila\u00e7 bayileri ve \u00fcreticiler kat\u0131l\u0131m sa\u011flad\u0131.<\/p>\n<p>\u0130l M\u00fcd\u00fcr\u00fc Mustafa Nevzat Zayim,  Kal\u0131nt\u0131 Eylem Plan\u0131n\u0131n \u00f6nemine dikkat \u00e7ekerek, Denizli ili genelinde yap\u0131lan \u00e7al\u0131\u015fmalar hakk\u0131nda bilgi verdi. Zayim, &#8220;Kal\u0131nt\u0131 Eylem Plan\u0131, ilimizde 2024 y\u0131l\u0131nda ayva, nar ve \u00fcz\u00fcm \u00fcretim alanlar\u0131nda uygulanmaya ba\u015flanm\u0131\u015f olup, 2025 y\u0131l\u0131nda da ayn\u0131 \u00fcr\u00fcnlerde devam etmektedir. Programda hedefimiz kal\u0131nt\u0131s\u0131z, sa\u011fl\u0131kl\u0131 ve kaliteli \u00fcretimi yayg\u0131nla\u015ft\u0131rmakt\u0131r&#8221; dedi.<\/p>\n<p>Uzman sunumlar\u0131 ile pestisit kal\u0131nt\u0131s\u0131n\u0131n \u00f6nlenmesi, kaliteli ve g\u00fcvenli \u00fcretim i\u00e7in dikkat edilmesi gereken uygulamalar detayl\u0131 \u015fekilde payla\u015f\u0131ld\u0131.<br \/><\/p>\n","protected":false},"excerpt":{"rendered":"<p>DEN\u0130ZL\u0130 (\u0130HA) \u2013 Denizli\u2019de \u00fcreticiler ve zirai ila\u00e7 bayilerine bitki koruma \u00fcr\u00fcnlerinin s\u00fcrd\u00fcr\u00fclebilir kullan\u0131m\u0131 ve kal\u0131nt\u0131n\u0131n \u00f6nlenmesi anlat\u0131ld\u0131. Denizli\u2019de &#8220;Bitki Koruma \u00dcr\u00fcnlerinin S\u00fcrd\u00fcr\u00fclebilir Kullan\u0131m\u0131 ve Kal\u0131nt\u0131n\u0131n \u00d6nlenmesi&#8221; toplant\u0131s\u0131 ger\u00e7ekle\u015ftirildi. Tar\u0131m ve Orman Bakanl\u0131\u011f\u0131 G\u0131da ve Kontrol Genel M\u00fcd\u00fcrl\u00fc\u011f\u00fcn\u00fcn 2025 y\u0131l\u0131 Bitki Sa\u011fl\u0131\u011f\u0131 Uygulama Program\u0131 kapsam\u0131nda d\u00fczenlenen &#8220;Bitki Koruma \u00dcr\u00fcnlerinin S\u00fcrd\u00fcr\u00fclebilir Kullan\u0131m\u0131 ve Kal\u0131nt\u0131n\u0131n \u00d6nlenmesi&#8221; konulu&#8230;<\/p>\n","protected":false},"author":1,"featured_media":47882,"comment_status":"open","ping_status":"open","sticky":false,"template":"","format":"standard","meta":{"_crdt_document":"","footnotes":""},"categories":[125],"tags":[],"class_list":["post-47881","post","type-post","status-publish","format-standard","has-post-thumbnail","hentry","category-ekonomi"],"_links":{"self":[{"href":"https:\/\/www.egemtv.com\/index.php?rest_route=\/wp\/v2\/posts\/47881","targetHints":{"allow":["GET"]}}],"collection":[{"href":"https:\/\/www.egemtv.com\/index.php?rest_route=\/wp\/v2\/posts"}],"about":[{"href":"https:\/\/www.egemtv.com\/index.php?rest_route=\/wp\/v2\/types\/post"}],"author":[{"embeddable":true,"href":"https:\/\/www.egemtv.com\/index.php?rest_route=\/wp\/v2\/users\/1"}],"replies":[{"embeddable":true,"href":"https:\/\/www.egemtv.com\/index.php?rest_route=%2Fwp%2Fv2%2Fcomments&post=47881"}],"version-history":[{"count":1,"href":"https:\/\/www.egemtv.com\/index.php?rest_route=\/wp\/v2\/posts\/47881\/revisions"}],"predecessor-version":[{"id":47883,"href":"https:\/\/www.egemtv.com\/index.php?rest_route=\/wp\/v2\/posts\/47881\/revisions\/47883"}],"wp:featuredmedia":[{"embeddable":true,"href":"https:\/\/www.egemtv.com\/index.php?rest_route=\/wp\/v2\/media\/47882"}],"wp:attachment":[{"href":"https:\/\/www.egemtv.com\/index.php?rest_route=%2Fwp%2Fv2%2Fmedia&parent=47881"}],"wp:term":[{"taxonomy":"category","embeddable":true,"href":"https:\/\/www.egemtv.com\/index.php?rest_route=%2Fwp%2Fv2%2Fcategories&post=47881"},{"taxonomy":"post_tag","embeddable":true,"href":"https:\/\/www.egemtv.com\/index.php?rest_route=%2Fwp%2Fv2%2Ftags&post=47881"}],"curies":[{"name":"wp","href":"https:\/\/api.w.org\/{rel}","templated":true}]}}