{"id":47878,"date":"2025-08-10T14:34:41","date_gmt":"2025-08-10T11:34:41","guid":{"rendered":"https:\/\/www.egemtv.com\/?p=47878"},"modified":"2025-08-10T14:34:42","modified_gmt":"2025-08-10T11:34:42","slug":"tren-yolunda-kenarinda-cikan-yangin-araclara-sicramadan-sonduruldu","status":"publish","type":"post","link":"https:\/\/www.egemtv.com\/?p=47878","title":{"rendered":"Tren yolunda kenar\u0131nda \u00e7\u0131kan yang\u0131n ara\u00e7lara s\u0131\u00e7ramadan s\u00f6nd\u00fcr\u00fcld\u00fc"},"content":{"rendered":"<p>Ayd\u0131n\u2019\u0131n Efeler il\u00e7esinde tren yolu kenar\u0131nda \u00e7\u0131kan yang\u0131n, yol kenar\u0131nda park halinde bulunan ara\u00e7lara s\u0131\u00e7ramadan vatanda\u015flar\u0131n ve itfaiye ekiplerinin h\u0131zl\u0131 m\u00fcdahalesi s\u00f6nd\u00fcr\u00fcld\u00fc.<\/p>\n<p>Yang\u0131n, Orta Mahalle Selanik Caddesi \u00fczerindeki tren yolu kenar\u0131nda \u00f6\u011fle saatlerinde meydana geldi. Edinilen bilgiye g\u00f6re, tren yolu kenar\u0131ndaki kuru otlar\u0131n bulundu\u011fu b\u00f6lgede hen\u00fcz bilinmeyen bir nedenle yang\u0131n \u00e7\u0131kt\u0131. Alevleri fark eden vatanda\u015flar durumu 112 Acil \u00c7a\u011fr\u0131 Merkezi\u2019ne bildirdi. \u0130hbar \u00fczerine b\u00f6lgeye itfaiye ve polis ekipleri sevk edildi. Vatanda\u015flar, yang\u0131n\u0131n r\u00fczgar\u0131n etkisi ile b\u00fcy\u00fcme ve yol kenar\u0131nda park halinde bulunan ara\u00e7lara s\u0131\u00e7rama riskine kar\u015f\u0131 alevlere kendi imkanlar\u0131 ile m\u00fcdahale etti. H\u0131zla olay yerine gelen Ayd\u0131n B\u00fcy\u00fck\u015fehir Belediyesi \u0130tfaiye Daire Ba\u015fkanl\u0131\u011f\u0131 ekipleri yang\u0131na m\u00fcdahale ederek yang\u0131n\u0131 kontrol alt\u0131na ald\u0131.<\/p>\n<p>Olayla ilgili soru\u015fturma s\u00fcr\u00fcyor.<br \/><\/p>\n","protected":false},"excerpt":{"rendered":"<p>Ayd\u0131n\u2019\u0131n Efeler il\u00e7esinde tren yolu kenar\u0131nda \u00e7\u0131kan yang\u0131n, yol kenar\u0131nda park halinde bulunan ara\u00e7lara s\u0131\u00e7ramadan vatanda\u015flar\u0131n ve itfaiye ekiplerinin h\u0131zl\u0131 m\u00fcdahalesi s\u00f6nd\u00fcr\u00fcld\u00fc. Yang\u0131n, Orta Mahalle Selanik Caddesi \u00fczerindeki tren yolu kenar\u0131nda \u00f6\u011fle saatlerinde meydana geldi. Edinilen bilgiye g\u00f6re, tren yolu kenar\u0131ndaki kuru otlar\u0131n bulundu\u011fu b\u00f6lgede hen\u00fcz bilinmeyen bir nedenle yang\u0131n \u00e7\u0131kt\u0131. Alevleri fark eden vatanda\u015flar&#8230;<\/p>\n","protected":false},"author":1,"featured_media":47879,"comment_status":"open","ping_status":"open","sticky":false,"template":"","format":"standard","meta":{"_crdt_document":"","footnotes":""},"categories":[5],"tags":[],"class_list":["post-47878","post","type-post","status-publish","format-standard","has-post-thumbnail","hentry","category-asayis"],"_links":{"self":[{"href":"https:\/\/www.egemtv.com\/index.php?rest_route=\/wp\/v2\/posts\/47878","targetHints":{"allow":["GET"]}}],"collection":[{"href":"https:\/\/www.egemtv.com\/index.php?rest_route=\/wp\/v2\/posts"}],"about":[{"href":"https:\/\/www.egemtv.com\/index.php?rest_route=\/wp\/v2\/types\/post"}],"author":[{"embeddable":true,"href":"https:\/\/www.egemtv.com\/index.php?rest_route=\/wp\/v2\/users\/1"}],"replies":[{"embeddable":true,"href":"https:\/\/www.egemtv.com\/index.php?rest_route=%2Fwp%2Fv2%2Fcomments&post=47878"}],"version-history":[{"count":1,"href":"https:\/\/www.egemtv.com\/index.php?rest_route=\/wp\/v2\/posts\/47878\/revisions"}],"predecessor-version":[{"id":47880,"href":"https:\/\/www.egemtv.com\/index.php?rest_route=\/wp\/v2\/posts\/47878\/revisions\/47880"}],"wp:featuredmedia":[{"embeddable":true,"href":"https:\/\/www.egemtv.com\/index.php?rest_route=\/wp\/v2\/media\/47879"}],"wp:attachment":[{"href":"https:\/\/www.egemtv.com\/index.php?rest_route=%2Fwp%2Fv2%2Fmedia&parent=47878"}],"wp:term":[{"taxonomy":"category","embeddable":true,"href":"https:\/\/www.egemtv.com\/index.php?rest_route=%2Fwp%2Fv2%2Fcategories&post=47878"},{"taxonomy":"post_tag","embeddable":true,"href":"https:\/\/www.egemtv.com\/index.php?rest_route=%2Fwp%2Fv2%2Ftags&post=47878"}],"curies":[{"name":"wp","href":"https:\/\/api.w.org\/{rel}","templated":true}]}}