{"id":47875,"date":"2025-08-10T14:34:41","date_gmt":"2025-08-10T11:34:41","guid":{"rendered":"https:\/\/www.egemtv.com\/?p=47875"},"modified":"2025-08-10T14:34:41","modified_gmt":"2025-08-10T11:34:41","slug":"honazda-orman-yangini","status":"publish","type":"post","link":"https:\/\/www.egemtv.com\/?p=47875","title":{"rendered":"Honaz\u2019da orman yang\u0131n\u0131"},"content":{"rendered":"<p>Denizli\u2019nin Honaz il\u00e7esinde \u00e7\u0131kan orman yang\u0131na karadan ve havadan m\u00fcdahale ediliyor.<\/p>\n<p>Edinilen bilgiye g\u00f6re; bug\u00fcn saat 13.30 s\u0131ralar\u0131nda Honaz il\u00e7esine ba\u011fl\u0131 Kara\u00e7ay Mahallesi Ku\u015fo\u011flu mevkiindeki ormanl\u0131k alanda hen\u00fcz belirlenemeyen bir nedenle yang\u0131n \u00e7\u0131kt\u0131. B\u00f6lgede etkili olan r\u00fczgar\u0131nda etkisiyle geni\u015f bir alana yay\u0131lan yang\u0131n\u0131n kontrol alt\u0131na al\u0131nabilmesi i\u00e7in Denizli Orman B\u00f6lge M\u00fcd\u00fcrl\u00fc\u011f\u00fcne ba\u011fl\u0131 ekipler taraf\u0131ndan karadan ve havadan m\u00fcdahale edilmeye ba\u015fland\u0131. Yang\u0131n\u0131 s\u00f6nd\u00fcrme \u00e7al\u0131\u015fmalar\u0131na b\u00f6lgede ya\u015fayan vatanda\u015flar da destek veriyor.<br \/><\/p>\n","protected":false},"excerpt":{"rendered":"<p>Denizli\u2019nin Honaz il\u00e7esinde \u00e7\u0131kan orman yang\u0131na karadan ve havadan m\u00fcdahale ediliyor. Edinilen bilgiye g\u00f6re; bug\u00fcn saat 13.30 s\u0131ralar\u0131nda Honaz il\u00e7esine ba\u011fl\u0131 Kara\u00e7ay Mahallesi Ku\u015fo\u011flu mevkiindeki ormanl\u0131k alanda hen\u00fcz belirlenemeyen bir nedenle yang\u0131n \u00e7\u0131kt\u0131. B\u00f6lgede etkili olan r\u00fczgar\u0131nda etkisiyle geni\u015f bir alana yay\u0131lan yang\u0131n\u0131n kontrol alt\u0131na al\u0131nabilmesi i\u00e7in Denizli Orman B\u00f6lge M\u00fcd\u00fcrl\u00fc\u011f\u00fcne ba\u011fl\u0131 ekipler taraf\u0131ndan karadan&#8230;<\/p>\n","protected":false},"author":1,"featured_media":47876,"comment_status":"open","ping_status":"open","sticky":false,"template":"","format":"standard","meta":{"_crdt_document":"","footnotes":""},"categories":[5],"tags":[],"class_list":["post-47875","post","type-post","status-publish","format-standard","has-post-thumbnail","hentry","category-asayis"],"_links":{"self":[{"href":"https:\/\/www.egemtv.com\/index.php?rest_route=\/wp\/v2\/posts\/47875","targetHints":{"allow":["GET"]}}],"collection":[{"href":"https:\/\/www.egemtv.com\/index.php?rest_route=\/wp\/v2\/posts"}],"about":[{"href":"https:\/\/www.egemtv.com\/index.php?rest_route=\/wp\/v2\/types\/post"}],"author":[{"embeddable":true,"href":"https:\/\/www.egemtv.com\/index.php?rest_route=\/wp\/v2\/users\/1"}],"replies":[{"embeddable":true,"href":"https:\/\/www.egemtv.com\/index.php?rest_route=%2Fwp%2Fv2%2Fcomments&post=47875"}],"version-history":[{"count":1,"href":"https:\/\/www.egemtv.com\/index.php?rest_route=\/wp\/v2\/posts\/47875\/revisions"}],"predecessor-version":[{"id":47877,"href":"https:\/\/www.egemtv.com\/index.php?rest_route=\/wp\/v2\/posts\/47875\/revisions\/47877"}],"wp:featuredmedia":[{"embeddable":true,"href":"https:\/\/www.egemtv.com\/index.php?rest_route=\/wp\/v2\/media\/47876"}],"wp:attachment":[{"href":"https:\/\/www.egemtv.com\/index.php?rest_route=%2Fwp%2Fv2%2Fmedia&parent=47875"}],"wp:term":[{"taxonomy":"category","embeddable":true,"href":"https:\/\/www.egemtv.com\/index.php?rest_route=%2Fwp%2Fv2%2Fcategories&post=47875"},{"taxonomy":"post_tag","embeddable":true,"href":"https:\/\/www.egemtv.com\/index.php?rest_route=%2Fwp%2Fv2%2Ftags&post=47875"}],"curies":[{"name":"wp","href":"https:\/\/api.w.org\/{rel}","templated":true}]}}