{"id":47872,"date":"2025-08-10T14:15:29","date_gmt":"2025-08-10T11:15:29","guid":{"rendered":"https:\/\/www.egemtv.com\/?p=47872"},"modified":"2025-08-10T14:15:30","modified_gmt":"2025-08-10T11:15:30","slug":"en-iyi-kale-biberi-yetistiricileri-odullendirildi","status":"publish","type":"post","link":"https:\/\/www.egemtv.com\/?p=47872","title":{"rendered":"En iyi Kale Biberi yeti\u015ftiricileri \u00f6d\u00fcllendirildi"},"content":{"rendered":"<p>Denizli\u2019nin Kale il\u00e7esinde 29. Kaledavaz Biber Festivali ba\u015flad\u0131. Festivalde il\u00e7enin me\u015fhur biberini en iyi yeti\u015ftiren \u00fcreticiler \u00f6d\u00fcllendirildi.<\/p>\n<p>Kaledavaz Biber Festivali, 29.kez kap\u0131lar\u0131n\u0131 a\u00e7t\u0131. Denizli\u2019nin Kale il\u00e7esinde yeti\u015fen ve co\u011frafi i\u015faretli Kale Biberi g\u00f6r\u00fcc\u00fcye \u00e7\u0131kt\u0131. Festival kapsam\u0131nda Kale Biberini en iyi \u015fekilde yeti\u015ftiren \u00fcreticilere \u00f6d\u00fclleri verildi.  Kale\u2019nin tescilli biberini en verimli \u015fekilde \u00fcreten 10 \u00fcreticinin \u00f6d\u00fcllendirildi\u011fi t\u00f6rende 3. \u00d6nden M\u00fc\u015f\u00f6l\u2019e 4 bin TL, 2. Emir Samutca\u2019ya 6 bin TL ve 1. olan 21 yas\u0131ndaki \u00fcretici S\u00fcleyman Caner Karauzun\u2019a ise 10 bin TL \u00f6d\u00fcl takdim edildi.<\/p>\n<p>Biberin \u0130\u00e7inde B\u00fcy\u00fcd\u00fc, Bu Y\u0131l \u015eampiyon Oldu<br \/>\n<br \/>Kale \u0130l\u00e7esi\u2019ne ba\u015fl\u0131 Demirciler K\u00f6y\u00fc\u2019nde \u00fcreticilik yapan ve biber yeti\u015ftiricileri yar\u0131\u015fmas\u0131n\u0131n \u015fampiyonu S\u00fcleyman Caner Karauzun, &#8220;Kale Biberi genellikle bizim k\u00f6y\u00fcm\u00fczde \u00fcretiliyor. Biberimiz co\u011frafi i\u015faretli. Biberimizi di\u011fer biberlerden ay\u0131ran \u00f6zellikleri, lezzeti, b\u00fcy\u00fckl\u00fc\u011f\u00fc, \u00fc\u00e7 damarl\u0131 olmas\u0131 gibi \u00f6zellikleri vard\u0131r. Di\u011fer biberler dal\u0131nda a\u015fa\u011f\u0131 do\u011fru bakarken bizim biberimiz yukar\u0131 do\u011fru bakar. Kale Biberi genellikle Ak\u00e7ay Havzas\u0131 dedi\u011fimiz b\u00f6lgede yeti\u015fir. Ben do\u011fdu\u011fumdan beri biberin i\u00e7indeyim. Ailecek biber yeti\u015ftiriyoruz. Ben biber yeti\u015ftirmeyi ailemden \u00f6\u011frendim. Bu y\u0131l 5 d\u00f6n\u00fcm biber yeti\u015ftirdim. Beklentimizi kar\u015f\u0131lad\u0131. Sipari\u015flerimiz \u00e7ok yo\u011fun. Sipari\u015flere yeti\u015fmekte zorlan\u0131yoruz, her g\u00fcn biber topluyoruz. \u015eimdiye kadar 10 ton biber hasat ettik&#8221; dedi.<\/p>\n<p>Biber yar\u0131\u015fmas\u0131n\u0131n ard\u0131ndan festivale kat\u0131lanlara me\u015fhur Biber tatar\u0131 ikram edildi.<br \/><\/p>\n","protected":false},"excerpt":{"rendered":"<p>Denizli\u2019nin Kale il\u00e7esinde 29. Kaledavaz Biber Festivali ba\u015flad\u0131. Festivalde il\u00e7enin me\u015fhur biberini en iyi yeti\u015ftiren \u00fcreticiler \u00f6d\u00fcllendirildi. Kaledavaz Biber Festivali, 29.kez kap\u0131lar\u0131n\u0131 a\u00e7t\u0131. Denizli\u2019nin Kale il\u00e7esinde yeti\u015fen ve co\u011frafi i\u015faretli Kale Biberi g\u00f6r\u00fcc\u00fcye \u00e7\u0131kt\u0131. Festival kapsam\u0131nda Kale Biberini en iyi \u015fekilde yeti\u015ftiren \u00fcreticilere \u00f6d\u00fclleri verildi. Kale\u2019nin tescilli biberini en verimli \u015fekilde \u00fcreten 10 \u00fcreticinin \u00f6d\u00fcllendirildi\u011fi&#8230;<\/p>\n","protected":false},"author":1,"featured_media":47873,"comment_status":"open","ping_status":"open","sticky":false,"template":"","format":"standard","meta":{"_crdt_document":"","footnotes":""},"categories":[125],"tags":[],"class_list":["post-47872","post","type-post","status-publish","format-standard","has-post-thumbnail","hentry","category-ekonomi"],"_links":{"self":[{"href":"https:\/\/www.egemtv.com\/index.php?rest_route=\/wp\/v2\/posts\/47872","targetHints":{"allow":["GET"]}}],"collection":[{"href":"https:\/\/www.egemtv.com\/index.php?rest_route=\/wp\/v2\/posts"}],"about":[{"href":"https:\/\/www.egemtv.com\/index.php?rest_route=\/wp\/v2\/types\/post"}],"author":[{"embeddable":true,"href":"https:\/\/www.egemtv.com\/index.php?rest_route=\/wp\/v2\/users\/1"}],"replies":[{"embeddable":true,"href":"https:\/\/www.egemtv.com\/index.php?rest_route=%2Fwp%2Fv2%2Fcomments&post=47872"}],"version-history":[{"count":1,"href":"https:\/\/www.egemtv.com\/index.php?rest_route=\/wp\/v2\/posts\/47872\/revisions"}],"predecessor-version":[{"id":47874,"href":"https:\/\/www.egemtv.com\/index.php?rest_route=\/wp\/v2\/posts\/47872\/revisions\/47874"}],"wp:featuredmedia":[{"embeddable":true,"href":"https:\/\/www.egemtv.com\/index.php?rest_route=\/wp\/v2\/media\/47873"}],"wp:attachment":[{"href":"https:\/\/www.egemtv.com\/index.php?rest_route=%2Fwp%2Fv2%2Fmedia&parent=47872"}],"wp:term":[{"taxonomy":"category","embeddable":true,"href":"https:\/\/www.egemtv.com\/index.php?rest_route=%2Fwp%2Fv2%2Fcategories&post=47872"},{"taxonomy":"post_tag","embeddable":true,"href":"https:\/\/www.egemtv.com\/index.php?rest_route=%2Fwp%2Fv2%2Ftags&post=47872"}],"curies":[{"name":"wp","href":"https:\/\/api.w.org\/{rel}","templated":true}]}}