{"id":47869,"date":"2025-08-10T13:55:41","date_gmt":"2025-08-10T10:55:41","guid":{"rendered":"https:\/\/www.egemtv.com\/?p=47869"},"modified":"2025-08-10T13:55:42","modified_gmt":"2025-08-10T10:55:42","slug":"kula-belediye-meclisinde-pomza-ocagi-tartismasi","status":"publish","type":"post","link":"https:\/\/www.egemtv.com\/?p=47869","title":{"rendered":"Kula belediye meclisinde \u2019pomza oca\u011f\u0131\u2019 tart\u0131\u015fmas\u0131"},"content":{"rendered":"<p>Manisa\u2019n\u0131n Kula il\u00e7esine ba\u011fl\u0131 G\u00f6k\u00e7e\u00f6ren Mahallesi\u2019nde bulunan ve uzun s\u00fcredir at\u0131l durumda olan pomza oca\u011f\u0131n\u0131n i\u015fletmeye a\u00e7\u0131lmas\u0131 plan\u0131, belediye meclisinde tart\u0131\u015fmalara neden oldu. CHP\u2019li meclis \u00fcyelerinin oylamada &#8220;hay\u0131r&#8221; oyu vermesi \u00fczerine G\u00f6k\u00e7e\u00f6ren Muhtar\u0131 Mustafa Erdem, sosyal medya \u00fczerinden sert ele\u015ftirilerde bulundu.<br \/>\n<br \/>Kula Belediyesi\u2019nin meclis toplant\u0131s\u0131nda, pomza oca\u011f\u0131n\u0131n 10 y\u0131ll\u0131\u011f\u0131na kiralanmas\u0131 i\u00e7in ihaleye \u00e7\u0131k\u0131lmas\u0131 teklifi g\u00f6r\u00fc\u015f\u00fcld\u00fc. Teklif, CHP\u2019li meclis \u00fcyelerinin ret oylar\u0131yla kabul edilmedi.<\/p>\n<p>Muhtardan sert \u00e7\u0131k\u0131\u015f<br \/>\n<br \/>Karar\u0131n ard\u0131ndan G\u00f6k\u00e7e\u00f6ren Muhtar\u0131 Mustafa Erdem, sosyal medya hesab\u0131ndan yapt\u0131\u011f\u0131 payla\u015f\u0131mda, &#8220;Mahallemizde uzun y\u0131llard\u0131r kapal\u0131 ve at\u0131l halde bulunan pomza i\u015fletmesinin kiralanarak i\u015fletilmesi, meclis \u00e7o\u011funlu\u011funu elinde bulunduran \u00fcyeler taraf\u0131ndan reddedilerek yat\u0131r\u0131m mahallemize gelmemi\u015ftir. Bu i\u015fletmede en az 50 personelin \u00e7al\u0131\u015fmas\u0131 planlan\u0131yordu. Katip \u00fcyelerin istifas\u0131 ya da g\u00fcndem maddelerine \u00e7o\u011funlukla hay\u0131r diyerek hizmetlerin \u00f6n\u00fcne ge\u00e7iyorsunuz, bu bir vebaldir.&#8221; ifadelerine yer verdi.<\/p>\n<p>CHP\u2019li \u00c7al\u0131k\u2019tan yan\u0131t<br \/>\n<br \/>Muhtar Erdem\u2019in a\u00e7\u0131klamas\u0131na CHP\u2019li Belediye Meclis \u00dcyesi Mahmut \u00c7al\u0131k sosyal medya hesab\u0131ndan yan\u0131t verdi. \u00c7al\u0131k, &#8220;K\u0131ymetli muhtar\u0131m, muhtemelen size eksik bilgi verildi ya da meclisi detayl\u0131 dinlemediniz. Bizler CHP meclis \u00fcyeleri olarak konuyu komisyonda incelemek istedik, ancak ba\u015fkan\u0131m\u0131z kabul etmedi. Yat\u0131r\u0131ma kar\u015f\u0131 de\u011filiz. Meclisin g\u00f6revi denetlemektir, bizler de kanuni hakk\u0131m\u0131z\u0131 kulland\u0131k&#8221; ifadelerini kulland\u0131.<br \/><\/p>\n","protected":false},"excerpt":{"rendered":"<p>Manisa\u2019n\u0131n Kula il\u00e7esine ba\u011fl\u0131 G\u00f6k\u00e7e\u00f6ren Mahallesi\u2019nde bulunan ve uzun s\u00fcredir at\u0131l durumda olan pomza oca\u011f\u0131n\u0131n i\u015fletmeye a\u00e7\u0131lmas\u0131 plan\u0131, belediye meclisinde tart\u0131\u015fmalara neden oldu. CHP\u2019li meclis \u00fcyelerinin oylamada &#8220;hay\u0131r&#8221; oyu vermesi \u00fczerine G\u00f6k\u00e7e\u00f6ren Muhtar\u0131 Mustafa Erdem, sosyal medya \u00fczerinden sert ele\u015ftirilerde bulundu. Kula Belediyesi\u2019nin meclis toplant\u0131s\u0131nda, pomza oca\u011f\u0131n\u0131n 10 y\u0131ll\u0131\u011f\u0131na kiralanmas\u0131 i\u00e7in ihaleye \u00e7\u0131k\u0131lmas\u0131 teklifi g\u00f6r\u00fc\u015f\u00fcld\u00fc&#8230;.<\/p>\n","protected":false},"author":1,"featured_media":47870,"comment_status":"open","ping_status":"open","sticky":false,"template":"","format":"standard","meta":{"_crdt_document":"","footnotes":""},"categories":[1],"tags":[],"class_list":["post-47869","post","type-post","status-publish","format-standard","has-post-thumbnail","hentry","category-guncel"],"_links":{"self":[{"href":"https:\/\/www.egemtv.com\/index.php?rest_route=\/wp\/v2\/posts\/47869","targetHints":{"allow":["GET"]}}],"collection":[{"href":"https:\/\/www.egemtv.com\/index.php?rest_route=\/wp\/v2\/posts"}],"about":[{"href":"https:\/\/www.egemtv.com\/index.php?rest_route=\/wp\/v2\/types\/post"}],"author":[{"embeddable":true,"href":"https:\/\/www.egemtv.com\/index.php?rest_route=\/wp\/v2\/users\/1"}],"replies":[{"embeddable":true,"href":"https:\/\/www.egemtv.com\/index.php?rest_route=%2Fwp%2Fv2%2Fcomments&post=47869"}],"version-history":[{"count":1,"href":"https:\/\/www.egemtv.com\/index.php?rest_route=\/wp\/v2\/posts\/47869\/revisions"}],"predecessor-version":[{"id":47871,"href":"https:\/\/www.egemtv.com\/index.php?rest_route=\/wp\/v2\/posts\/47869\/revisions\/47871"}],"wp:featuredmedia":[{"embeddable":true,"href":"https:\/\/www.egemtv.com\/index.php?rest_route=\/wp\/v2\/media\/47870"}],"wp:attachment":[{"href":"https:\/\/www.egemtv.com\/index.php?rest_route=%2Fwp%2Fv2%2Fmedia&parent=47869"}],"wp:term":[{"taxonomy":"category","embeddable":true,"href":"https:\/\/www.egemtv.com\/index.php?rest_route=%2Fwp%2Fv2%2Fcategories&post=47869"},{"taxonomy":"post_tag","embeddable":true,"href":"https:\/\/www.egemtv.com\/index.php?rest_route=%2Fwp%2Fv2%2Ftags&post=47869"}],"curies":[{"name":"wp","href":"https:\/\/api.w.org\/{rel}","templated":true}]}}