{"id":47863,"date":"2025-08-10T13:35:07","date_gmt":"2025-08-10T10:35:07","guid":{"rendered":"https:\/\/www.egemtv.com\/?p=47863"},"modified":"2025-08-10T13:35:08","modified_gmt":"2025-08-10T10:35:08","slug":"sarigolde-sarilop-incir-uretimi-yayginlasiyor","status":"publish","type":"post","link":"https:\/\/www.egemtv.com\/?p=47863","title":{"rendered":"Sar\u0131g\u00f6l\u2019de sar\u0131lop incir \u00fcretimi yayg\u0131nla\u015f\u0131yor"},"content":{"rendered":"<p>Manisa\u2019n\u0131n Sar\u0131g\u00f6l il\u00e7esinde, \u00f6zellikle k\u0131rsal b\u00f6lgelerde ihracata y\u00f6nelik sar\u0131lop incir dikim alanlar\u0131 her ge\u00e7en y\u0131l art\u0131yor.<br \/>\n<br \/>Ya\u011f\u0131\u015flar\u0131n azalmas\u0131 ve yeralt\u0131 sular\u0131n\u0131n her y\u0131l daha derinlerden \u00e7\u0131kar\u0131lmas\u0131, \u00e7ift\u00e7ileri alternatif \u00fcr\u00fcn aray\u0131\u015f\u0131na y\u00f6neltti. Sar\u0131g\u00f6l\u2019\u00fcn Dada\u011fl\u0131 Mahallesi I\u015f\u0131klar mevkisinde \u00e7ift\u00e7ilik yapan Mehmet Aky\u00fczo\u011flu, \u00fcz\u00fcme alternatif olarak 8 dekarl\u0131k alana 650 adet, az su isteyen sar\u0131lop incir fidan\u0131 dikti\u011fini s\u00f6yledi. B\u00f6lgede daha \u00f6nce de sar\u0131lop incir dikimi yap\u0131ld\u0131\u011f\u0131n\u0131 belirten Aky\u00fczo\u011flu, bu t\u00fcr\u00fcn ihracata uygun olmas\u0131 nedeniyle \u00f6n\u00fcm\u00fczdeki y\u0131llarda Sultaniye \u00fcz\u00fcm\u00fcne alternatif olabilece\u011fini ifade etti.<br \/><\/p>\n","protected":false},"excerpt":{"rendered":"<p>Manisa\u2019n\u0131n Sar\u0131g\u00f6l il\u00e7esinde, \u00f6zellikle k\u0131rsal b\u00f6lgelerde ihracata y\u00f6nelik sar\u0131lop incir dikim alanlar\u0131 her ge\u00e7en y\u0131l art\u0131yor. Ya\u011f\u0131\u015flar\u0131n azalmas\u0131 ve yeralt\u0131 sular\u0131n\u0131n her y\u0131l daha derinlerden \u00e7\u0131kar\u0131lmas\u0131, \u00e7ift\u00e7ileri alternatif \u00fcr\u00fcn aray\u0131\u015f\u0131na y\u00f6neltti. Sar\u0131g\u00f6l\u2019\u00fcn Dada\u011fl\u0131 Mahallesi I\u015f\u0131klar mevkisinde \u00e7ift\u00e7ilik yapan Mehmet Aky\u00fczo\u011flu, \u00fcz\u00fcme alternatif olarak 8 dekarl\u0131k alana 650 adet, az su isteyen sar\u0131lop incir fidan\u0131 dikti\u011fini&#8230;<\/p>\n","protected":false},"author":1,"featured_media":47864,"comment_status":"open","ping_status":"open","sticky":false,"template":"","format":"standard","meta":{"_crdt_document":"","footnotes":""},"categories":[125],"tags":[],"class_list":["post-47863","post","type-post","status-publish","format-standard","has-post-thumbnail","hentry","category-ekonomi"],"_links":{"self":[{"href":"https:\/\/www.egemtv.com\/index.php?rest_route=\/wp\/v2\/posts\/47863","targetHints":{"allow":["GET"]}}],"collection":[{"href":"https:\/\/www.egemtv.com\/index.php?rest_route=\/wp\/v2\/posts"}],"about":[{"href":"https:\/\/www.egemtv.com\/index.php?rest_route=\/wp\/v2\/types\/post"}],"author":[{"embeddable":true,"href":"https:\/\/www.egemtv.com\/index.php?rest_route=\/wp\/v2\/users\/1"}],"replies":[{"embeddable":true,"href":"https:\/\/www.egemtv.com\/index.php?rest_route=%2Fwp%2Fv2%2Fcomments&post=47863"}],"version-history":[{"count":1,"href":"https:\/\/www.egemtv.com\/index.php?rest_route=\/wp\/v2\/posts\/47863\/revisions"}],"predecessor-version":[{"id":47865,"href":"https:\/\/www.egemtv.com\/index.php?rest_route=\/wp\/v2\/posts\/47863\/revisions\/47865"}],"wp:featuredmedia":[{"embeddable":true,"href":"https:\/\/www.egemtv.com\/index.php?rest_route=\/wp\/v2\/media\/47864"}],"wp:attachment":[{"href":"https:\/\/www.egemtv.com\/index.php?rest_route=%2Fwp%2Fv2%2Fmedia&parent=47863"}],"wp:term":[{"taxonomy":"category","embeddable":true,"href":"https:\/\/www.egemtv.com\/index.php?rest_route=%2Fwp%2Fv2%2Fcategories&post=47863"},{"taxonomy":"post_tag","embeddable":true,"href":"https:\/\/www.egemtv.com\/index.php?rest_route=%2Fwp%2Fv2%2Ftags&post=47863"}],"curies":[{"name":"wp","href":"https:\/\/api.w.org\/{rel}","templated":true}]}}