{"id":47860,"date":"2025-08-10T13:35:05","date_gmt":"2025-08-10T10:35:05","guid":{"rendered":"https:\/\/www.egemtv.com\/?p=47860"},"modified":"2025-08-10T13:35:07","modified_gmt":"2025-08-10T10:35:07","slug":"akyakada-freni-patlayan-arac-aydinlatma-diregine-carpti","status":"publish","type":"post","link":"https:\/\/www.egemtv.com\/?p=47860","title":{"rendered":"Akyaka\u2019da freni patlayan ara\u00e7 ayd\u0131nlatma dire\u011fine \u00e7arpt\u0131"},"content":{"rendered":"<p>Mu\u011fla\u2019n\u0131n Ula il\u00e7esi Akyaka Mahallesi giri\u015finde meydana gelen kazada, iddiaya g\u00f6re freni patlayan bir ara\u00e7 kontrol\u00fcn\u00fc kaybederek ayd\u0131nlatma dire\u011fine \u00e7arpt\u0131. \u00c7arpman\u0131n etkisiyle direk, o s\u0131rada yoldan ge\u00e7en 35 CIC 502 plakal\u0131 ba\u015fka bir arac\u0131n \u00fczerine devrildi.<br \/>\n<br \/>Kazan\u0131n 112 Acil \u00c7a\u011fr\u0131 Merkezi\u2019ne bildirilmesinin ard\u0131ndan olay yerine sa\u011fl\u0131k ekipleri ile g\u00fcvenlik g\u00fc\u00e7leri sevk edildi. Olay yerinde yap\u0131lan ilk m\u00fcdahalenin ard\u0131ndan yaralanan 1 ki\u015fi ambulansla hastaneye kald\u0131r\u0131ld\u0131. Kazayla ilgili soru\u015fturma ba\u015flat\u0131ld\u0131.<br \/><\/p>\n","protected":false},"excerpt":{"rendered":"<p>Mu\u011fla\u2019n\u0131n Ula il\u00e7esi Akyaka Mahallesi giri\u015finde meydana gelen kazada, iddiaya g\u00f6re freni patlayan bir ara\u00e7 kontrol\u00fcn\u00fc kaybederek ayd\u0131nlatma dire\u011fine \u00e7arpt\u0131. \u00c7arpman\u0131n etkisiyle direk, o s\u0131rada yoldan ge\u00e7en 35 CIC 502 plakal\u0131 ba\u015fka bir arac\u0131n \u00fczerine devrildi. Kazan\u0131n 112 Acil \u00c7a\u011fr\u0131 Merkezi\u2019ne bildirilmesinin ard\u0131ndan olay yerine sa\u011fl\u0131k ekipleri ile g\u00fcvenlik g\u00fc\u00e7leri sevk edildi. Olay yerinde yap\u0131lan&#8230;<\/p>\n","protected":false},"author":1,"featured_media":47861,"comment_status":"open","ping_status":"open","sticky":false,"template":"","format":"standard","meta":{"_crdt_document":"","footnotes":""},"categories":[5],"tags":[],"class_list":["post-47860","post","type-post","status-publish","format-standard","has-post-thumbnail","hentry","category-asayis"],"_links":{"self":[{"href":"https:\/\/www.egemtv.com\/index.php?rest_route=\/wp\/v2\/posts\/47860","targetHints":{"allow":["GET"]}}],"collection":[{"href":"https:\/\/www.egemtv.com\/index.php?rest_route=\/wp\/v2\/posts"}],"about":[{"href":"https:\/\/www.egemtv.com\/index.php?rest_route=\/wp\/v2\/types\/post"}],"author":[{"embeddable":true,"href":"https:\/\/www.egemtv.com\/index.php?rest_route=\/wp\/v2\/users\/1"}],"replies":[{"embeddable":true,"href":"https:\/\/www.egemtv.com\/index.php?rest_route=%2Fwp%2Fv2%2Fcomments&post=47860"}],"version-history":[{"count":1,"href":"https:\/\/www.egemtv.com\/index.php?rest_route=\/wp\/v2\/posts\/47860\/revisions"}],"predecessor-version":[{"id":47862,"href":"https:\/\/www.egemtv.com\/index.php?rest_route=\/wp\/v2\/posts\/47860\/revisions\/47862"}],"wp:featuredmedia":[{"embeddable":true,"href":"https:\/\/www.egemtv.com\/index.php?rest_route=\/wp\/v2\/media\/47861"}],"wp:attachment":[{"href":"https:\/\/www.egemtv.com\/index.php?rest_route=%2Fwp%2Fv2%2Fmedia&parent=47860"}],"wp:term":[{"taxonomy":"category","embeddable":true,"href":"https:\/\/www.egemtv.com\/index.php?rest_route=%2Fwp%2Fv2%2Fcategories&post=47860"},{"taxonomy":"post_tag","embeddable":true,"href":"https:\/\/www.egemtv.com\/index.php?rest_route=%2Fwp%2Fv2%2Ftags&post=47860"}],"curies":[{"name":"wp","href":"https:\/\/api.w.org\/{rel}","templated":true}]}}