{"id":47857,"date":"2025-08-10T13:35:04","date_gmt":"2025-08-10T10:35:04","guid":{"rendered":"https:\/\/www.egemtv.com\/?p=47857"},"modified":"2025-08-10T13:35:05","modified_gmt":"2025-08-10T10:35:05","slug":"kulada-durdurulan-aractan-sentetik-uyusturucu-cikti","status":"publish","type":"post","link":"https:\/\/www.egemtv.com\/?p=47857","title":{"rendered":"Kula\u2019da durdurulan ara\u00e7tan sentetik uyu\u015fturucu \u00e7\u0131kt\u0131"},"content":{"rendered":"<p>Manisa\u2019n\u0131n Kula il\u00e7esinde jandarma ekiplerinin yapt\u0131\u011f\u0131 ara\u00e7 aramas\u0131nda 258 adet sentetik hap ele ge\u00e7irildi. Olayla ilgili 1 \u015f\u00fcpheli g\u00f6zalt\u0131na al\u0131nd\u0131.<br \/>\n<br \/>Edinilen bilgiye g\u00f6re, d\u00fcn gece saat 23.30 s\u0131ralar\u0131nda bir ihbar\u0131 de\u011ferlendiren Kula \u0130l\u00e7e Jandarma Komutanl\u0131\u011f\u0131 Trafik Timi, O.\u00c7. (32) isimli \u015fahs\u0131n kulland\u0131\u011f\u0131 arac\u0131 durdurdu. Ara\u00e7ta yap\u0131lan aramada 258 adet sentetik hap ele ge\u00e7irildi. Cumhuriyet Savc\u0131s\u0131n\u0131n talimat\u0131yla g\u00f6zalt\u0131na al\u0131nan \u015f\u00fcpheli, adliyeye sevk edilmek \u00fczere jandarma karakoluna g\u00f6t\u00fcr\u00fcld\u00fc.<br \/><\/p>\n","protected":false},"excerpt":{"rendered":"<p>Manisa\u2019n\u0131n Kula il\u00e7esinde jandarma ekiplerinin yapt\u0131\u011f\u0131 ara\u00e7 aramas\u0131nda 258 adet sentetik hap ele ge\u00e7irildi. Olayla ilgili 1 \u015f\u00fcpheli g\u00f6zalt\u0131na al\u0131nd\u0131. Edinilen bilgiye g\u00f6re, d\u00fcn gece saat 23.30 s\u0131ralar\u0131nda bir ihbar\u0131 de\u011ferlendiren Kula \u0130l\u00e7e Jandarma Komutanl\u0131\u011f\u0131 Trafik Timi, O.\u00c7. (32) isimli \u015fahs\u0131n kulland\u0131\u011f\u0131 arac\u0131 durdurdu. Ara\u00e7ta yap\u0131lan aramada 258 adet sentetik hap ele ge\u00e7irildi. Cumhuriyet Savc\u0131s\u0131n\u0131n&#8230;<\/p>\n","protected":false},"author":1,"featured_media":47858,"comment_status":"open","ping_status":"open","sticky":false,"template":"","format":"standard","meta":{"_crdt_document":"","footnotes":""},"categories":[5],"tags":[],"class_list":["post-47857","post","type-post","status-publish","format-standard","has-post-thumbnail","hentry","category-asayis"],"_links":{"self":[{"href":"https:\/\/www.egemtv.com\/index.php?rest_route=\/wp\/v2\/posts\/47857","targetHints":{"allow":["GET"]}}],"collection":[{"href":"https:\/\/www.egemtv.com\/index.php?rest_route=\/wp\/v2\/posts"}],"about":[{"href":"https:\/\/www.egemtv.com\/index.php?rest_route=\/wp\/v2\/types\/post"}],"author":[{"embeddable":true,"href":"https:\/\/www.egemtv.com\/index.php?rest_route=\/wp\/v2\/users\/1"}],"replies":[{"embeddable":true,"href":"https:\/\/www.egemtv.com\/index.php?rest_route=%2Fwp%2Fv2%2Fcomments&post=47857"}],"version-history":[{"count":1,"href":"https:\/\/www.egemtv.com\/index.php?rest_route=\/wp\/v2\/posts\/47857\/revisions"}],"predecessor-version":[{"id":47859,"href":"https:\/\/www.egemtv.com\/index.php?rest_route=\/wp\/v2\/posts\/47857\/revisions\/47859"}],"wp:featuredmedia":[{"embeddable":true,"href":"https:\/\/www.egemtv.com\/index.php?rest_route=\/wp\/v2\/media\/47858"}],"wp:attachment":[{"href":"https:\/\/www.egemtv.com\/index.php?rest_route=%2Fwp%2Fv2%2Fmedia&parent=47857"}],"wp:term":[{"taxonomy":"category","embeddable":true,"href":"https:\/\/www.egemtv.com\/index.php?rest_route=%2Fwp%2Fv2%2Fcategories&post=47857"},{"taxonomy":"post_tag","embeddable":true,"href":"https:\/\/www.egemtv.com\/index.php?rest_route=%2Fwp%2Fv2%2Ftags&post=47857"}],"curies":[{"name":"wp","href":"https:\/\/api.w.org\/{rel}","templated":true}]}}