{"id":47854,"date":"2025-08-10T13:14:47","date_gmt":"2025-08-10T10:14:47","guid":{"rendered":"https:\/\/www.egemtv.com\/?p=47854"},"modified":"2025-08-10T13:14:48","modified_gmt":"2025-08-10T10:14:48","slug":"selendide-firtina-catilari-ucurdu","status":"publish","type":"post","link":"https:\/\/www.egemtv.com\/?p=47854","title":{"rendered":"Selendi\u2019de f\u0131rt\u0131na \u00e7at\u0131lar\u0131 u\u00e7urdu"},"content":{"rendered":"<p>Manisa\u2019n\u0131n Selendi il\u00e7esinde d\u00fcn ak\u015fam saatlerinde etkili olan \u015fiddetli f\u0131rt\u0131na ve sa\u011fanak ya\u011f\u0131\u015f, il\u00e7e genelinde hayat\u0131 olumsuz etkiledi. R\u00fczgar baz\u0131 evlerin \u00e7at\u0131s\u0131n\u0131 u\u00e7ururken, a\u011fa\u00e7lar k\u00f6k\u00fcnden devrildi, cadde ve sokaklar g\u00f6le d\u00f6nd\u00fc.<br \/>\n<br \/>Edinilen bilgiye g\u00f6re, kurak ge\u00e7en yaz mevsiminin ard\u0131ndan il\u00e7e genelinde aniden etkili olan f\u0131rt\u0131na, \u00f6zellikle Kur\u015funlu Mahallesi\u2019nde hasara yol a\u00e7t\u0131. Mahallede ya\u015fayan Hikmet Topcan\u2019a ait evin \u00e7at\u0131s\u0131 \u015fiddetli r\u00fczgar\u0131n etkisiyle u\u00e7arak yere d\u00fc\u015ft\u00fc. \u00c7at\u0131yla birlikte g\u00fcne\u015f enerjisi sistemi de zarar g\u00f6rd\u00fc.<br \/>\n<br \/>Olay s\u0131ras\u0131nda b\u00fcy\u00fck korku ya\u015fad\u0131klar\u0131n\u0131 belirten Topcan ailesi, &#8220;\u00c7at\u0131m\u0131z u\u00e7tu, g\u00fcne\u015f enerjisi \u00e7at\u0131 ile birlikte yere \u00e7ak\u0131ld\u0131. Rabbim bu t\u00fcr afetlerden korusun&#8221; dedi.<br \/>\n<br \/>\u015eiddetli r\u00fczgar\u0131n ard\u0131ndan ba\u015flayan sa\u011fanak ya\u011f\u0131\u015f, il\u00e7e merkezi ve k\u0131rsal mahallelerde cadde ve sokaklar\u0131 adeta g\u00f6le \u00e7evirdi. Baz\u0131 b\u00f6lgelerde su bask\u0131nlar\u0131 ve maddi hasar meydana geldi.<br \/><\/p>\n","protected":false},"excerpt":{"rendered":"<p>Manisa\u2019n\u0131n Selendi il\u00e7esinde d\u00fcn ak\u015fam saatlerinde etkili olan \u015fiddetli f\u0131rt\u0131na ve sa\u011fanak ya\u011f\u0131\u015f, il\u00e7e genelinde hayat\u0131 olumsuz etkiledi. R\u00fczgar baz\u0131 evlerin \u00e7at\u0131s\u0131n\u0131 u\u00e7ururken, a\u011fa\u00e7lar k\u00f6k\u00fcnden devrildi, cadde ve sokaklar g\u00f6le d\u00f6nd\u00fc. Edinilen bilgiye g\u00f6re, kurak ge\u00e7en yaz mevsiminin ard\u0131ndan il\u00e7e genelinde aniden etkili olan f\u0131rt\u0131na, \u00f6zellikle Kur\u015funlu Mahallesi\u2019nde hasara yol a\u00e7t\u0131. Mahallede ya\u015fayan Hikmet Topcan\u2019a&#8230;<\/p>\n","protected":false},"author":1,"featured_media":47855,"comment_status":"open","ping_status":"open","sticky":false,"template":"","format":"standard","meta":{"_crdt_document":"","footnotes":""},"categories":[5],"tags":[],"class_list":["post-47854","post","type-post","status-publish","format-standard","has-post-thumbnail","hentry","category-asayis"],"_links":{"self":[{"href":"https:\/\/www.egemtv.com\/index.php?rest_route=\/wp\/v2\/posts\/47854","targetHints":{"allow":["GET"]}}],"collection":[{"href":"https:\/\/www.egemtv.com\/index.php?rest_route=\/wp\/v2\/posts"}],"about":[{"href":"https:\/\/www.egemtv.com\/index.php?rest_route=\/wp\/v2\/types\/post"}],"author":[{"embeddable":true,"href":"https:\/\/www.egemtv.com\/index.php?rest_route=\/wp\/v2\/users\/1"}],"replies":[{"embeddable":true,"href":"https:\/\/www.egemtv.com\/index.php?rest_route=%2Fwp%2Fv2%2Fcomments&post=47854"}],"version-history":[{"count":1,"href":"https:\/\/www.egemtv.com\/index.php?rest_route=\/wp\/v2\/posts\/47854\/revisions"}],"predecessor-version":[{"id":47856,"href":"https:\/\/www.egemtv.com\/index.php?rest_route=\/wp\/v2\/posts\/47854\/revisions\/47856"}],"wp:featuredmedia":[{"embeddable":true,"href":"https:\/\/www.egemtv.com\/index.php?rest_route=\/wp\/v2\/media\/47855"}],"wp:attachment":[{"href":"https:\/\/www.egemtv.com\/index.php?rest_route=%2Fwp%2Fv2%2Fmedia&parent=47854"}],"wp:term":[{"taxonomy":"category","embeddable":true,"href":"https:\/\/www.egemtv.com\/index.php?rest_route=%2Fwp%2Fv2%2Fcategories&post=47854"},{"taxonomy":"post_tag","embeddable":true,"href":"https:\/\/www.egemtv.com\/index.php?rest_route=%2Fwp%2Fv2%2Ftags&post=47854"}],"curies":[{"name":"wp","href":"https:\/\/api.w.org\/{rel}","templated":true}]}}