{"id":47848,"date":"2025-08-10T13:14:45","date_gmt":"2025-08-10T10:14:45","guid":{"rendered":"https:\/\/www.egemtv.com\/?p=47848"},"modified":"2025-08-10T13:14:46","modified_gmt":"2025-08-10T10:14:46","slug":"kontrolden-cikan-hafif-ticari-arac-direge-carpti-5-yarali","status":"publish","type":"post","link":"https:\/\/www.egemtv.com\/?p=47848","title":{"rendered":"Kontrolden \u00e7\u0131kan hafif ticari ara\u00e7 dire\u011fe \u00e7arpt\u0131: 5 yaral\u0131"},"content":{"rendered":"<p>Isparta\u2019n\u0131n \u015earkikaraa\u011fa\u00e7 il\u00e7esinde s\u00fcr\u00fcc\u00fcs\u00fcn\u00fcn direksiyon h\u00e2kimiyetini kaybetti\u011fi hafif ticari ara\u00e7, ayd\u0131nlatma dire\u011fine \u00e7arpt\u0131. Kazada 5 ki\u015fi yaraland\u0131.<br \/>\n<br \/>Kaza, Isparta\u2019n\u0131n \u015earkikaraa\u011fa\u00e7 il\u00e7esi Kerk\u00fck Mahallesi 101 \u00c7evre Yolu \u00fczerinde meydana geldi. Edinilen bilgiye g\u00f6re, Fecir H. idaresindeki 34 CEH 285 plakal\u0131 hafif ticari ara\u00e7, s\u00fcr\u00fcc\u00fcs\u00fcn\u00fcn direksiyon h\u00e2kimiyetini kaybetmesi sonucu kontrolden \u00e7\u0131karak ref\u00fcje savrulduktan sonra ayd\u0131nlatma dire\u011fine \u00e7arpt\u0131. \u00c7arpman\u0131n etkisiyle ara\u00e7ta yolcu olarak bulunan Tuka H., Ula H., Naya H., Halit H. ve Ay\u015fe K. yaraland\u0131. \u0130hbar \u00fczerine olay yerine polis ve sa\u011fl\u0131k ekipleri sevk edildi. Yaral\u0131lar, sa\u011fl\u0131k ekiplerinin olay yerindeki ilk m\u00fcdahalesinin ard\u0131ndan \u015earkikaraa\u011fa\u00e7 Devlet Hastanesi\u2019ne kald\u0131r\u0131ld\u0131. Kazayla ilgili inceleme ba\u015flat\u0131ld\u0131.<br \/><\/p>\n","protected":false},"excerpt":{"rendered":"<p>Isparta\u2019n\u0131n \u015earkikaraa\u011fa\u00e7 il\u00e7esinde s\u00fcr\u00fcc\u00fcs\u00fcn\u00fcn direksiyon h\u00e2kimiyetini kaybetti\u011fi hafif ticari ara\u00e7, ayd\u0131nlatma dire\u011fine \u00e7arpt\u0131. Kazada 5 ki\u015fi yaraland\u0131. Kaza, Isparta\u2019n\u0131n \u015earkikaraa\u011fa\u00e7 il\u00e7esi Kerk\u00fck Mahallesi 101 \u00c7evre Yolu \u00fczerinde meydana geldi. Edinilen bilgiye g\u00f6re, Fecir H. idaresindeki 34 CEH 285 plakal\u0131 hafif ticari ara\u00e7, s\u00fcr\u00fcc\u00fcs\u00fcn\u00fcn direksiyon h\u00e2kimiyetini kaybetmesi sonucu kontrolden \u00e7\u0131karak ref\u00fcje savrulduktan sonra ayd\u0131nlatma dire\u011fine \u00e7arpt\u0131&#8230;.<\/p>\n","protected":false},"author":1,"featured_media":47849,"comment_status":"open","ping_status":"open","sticky":false,"template":"","format":"standard","meta":{"_crdt_document":"","footnotes":""},"categories":[5],"tags":[],"class_list":["post-47848","post","type-post","status-publish","format-standard","has-post-thumbnail","hentry","category-asayis"],"_links":{"self":[{"href":"https:\/\/www.egemtv.com\/index.php?rest_route=\/wp\/v2\/posts\/47848","targetHints":{"allow":["GET"]}}],"collection":[{"href":"https:\/\/www.egemtv.com\/index.php?rest_route=\/wp\/v2\/posts"}],"about":[{"href":"https:\/\/www.egemtv.com\/index.php?rest_route=\/wp\/v2\/types\/post"}],"author":[{"embeddable":true,"href":"https:\/\/www.egemtv.com\/index.php?rest_route=\/wp\/v2\/users\/1"}],"replies":[{"embeddable":true,"href":"https:\/\/www.egemtv.com\/index.php?rest_route=%2Fwp%2Fv2%2Fcomments&post=47848"}],"version-history":[{"count":1,"href":"https:\/\/www.egemtv.com\/index.php?rest_route=\/wp\/v2\/posts\/47848\/revisions"}],"predecessor-version":[{"id":47850,"href":"https:\/\/www.egemtv.com\/index.php?rest_route=\/wp\/v2\/posts\/47848\/revisions\/47850"}],"wp:featuredmedia":[{"embeddable":true,"href":"https:\/\/www.egemtv.com\/index.php?rest_route=\/wp\/v2\/media\/47849"}],"wp:attachment":[{"href":"https:\/\/www.egemtv.com\/index.php?rest_route=%2Fwp%2Fv2%2Fmedia&parent=47848"}],"wp:term":[{"taxonomy":"category","embeddable":true,"href":"https:\/\/www.egemtv.com\/index.php?rest_route=%2Fwp%2Fv2%2Fcategories&post=47848"},{"taxonomy":"post_tag","embeddable":true,"href":"https:\/\/www.egemtv.com\/index.php?rest_route=%2Fwp%2Fv2%2Ftags&post=47848"}],"curies":[{"name":"wp","href":"https:\/\/api.w.org\/{rel}","templated":true}]}}