{"id":47845,"date":"2025-08-10T13:14:45","date_gmt":"2025-08-10T10:14:45","guid":{"rendered":"https:\/\/www.egemtv.com\/?p=47845"},"modified":"2025-08-10T13:14:45","modified_gmt":"2025-08-10T10:14:45","slug":"ispartada-cikan-orman-yangini-buyumeden-sonduruldu","status":"publish","type":"post","link":"https:\/\/www.egemtv.com\/?p=47845","title":{"rendered":"Isparta\u2019da \u00e7\u0131kan orman yang\u0131n\u0131 b\u00fcy\u00fcmeden s\u00f6nd\u00fcr\u00fcld\u00fc"},"content":{"rendered":"<p>Isparta\u2019n\u0131n E\u011firdir il\u00e7esindeki Kovada G\u00f6l\u00fc yak\u0131nlar\u0131nda \u00e7\u0131kan orman yang\u0131n\u0131, ekiplerin m\u00fcdahalesiyle k\u0131sa s\u00fcrede kontrol alt\u0131na al\u0131nd\u0131.<br \/>\n<br \/>Isparta\u2019n\u0131n E\u011firdir il\u00e7esinde bulunan Kovada G\u00f6l\u00fc yak\u0131nlar\u0131nda gece saatlerinde orman yang\u0131n\u0131 \u00e7\u0131kt\u0131. \u0130hbar \u00fczerine b\u00f6lgeye sevk edilen itfaiye ve Orman B\u00f6lge M\u00fcd\u00fcrl\u00fc\u011f\u00fc\u2019ne ba\u011fl\u0131 ekipler, karadan yapt\u0131klar\u0131 m\u00fcdahale ile yang\u0131n\u0131n b\u00fcy\u00fcmesini \u00f6nledi. Gece g\u00f6r\u00fc\u015fl\u00fc termal dron ile yang\u0131n organizasyonu yapan ekipler,  taraf\u0131ndan yang\u0131n tamamen kontrol alt\u0131na al\u0131n\u0131rken, so\u011futma \u00e7al\u0131\u015fmalar\u0131n\u0131n s\u00fcrd\u00fc\u011f\u00fc \u00f6\u011frenildi.<br \/><\/p>\n","protected":false},"excerpt":{"rendered":"<p>Isparta\u2019n\u0131n E\u011firdir il\u00e7esindeki Kovada G\u00f6l\u00fc yak\u0131nlar\u0131nda \u00e7\u0131kan orman yang\u0131n\u0131, ekiplerin m\u00fcdahalesiyle k\u0131sa s\u00fcrede kontrol alt\u0131na al\u0131nd\u0131. Isparta\u2019n\u0131n E\u011firdir il\u00e7esinde bulunan Kovada G\u00f6l\u00fc yak\u0131nlar\u0131nda gece saatlerinde orman yang\u0131n\u0131 \u00e7\u0131kt\u0131. \u0130hbar \u00fczerine b\u00f6lgeye sevk edilen itfaiye ve Orman B\u00f6lge M\u00fcd\u00fcrl\u00fc\u011f\u00fc\u2019ne ba\u011fl\u0131 ekipler, karadan yapt\u0131klar\u0131 m\u00fcdahale ile yang\u0131n\u0131n b\u00fcy\u00fcmesini \u00f6nledi. Gece g\u00f6r\u00fc\u015fl\u00fc termal dron ile yang\u0131n organizasyonu yapan&#8230;<\/p>\n","protected":false},"author":1,"featured_media":47846,"comment_status":"open","ping_status":"open","sticky":false,"template":"","format":"standard","meta":{"_crdt_document":"","footnotes":""},"categories":[5],"tags":[],"class_list":["post-47845","post","type-post","status-publish","format-standard","has-post-thumbnail","hentry","category-asayis"],"_links":{"self":[{"href":"https:\/\/www.egemtv.com\/index.php?rest_route=\/wp\/v2\/posts\/47845","targetHints":{"allow":["GET"]}}],"collection":[{"href":"https:\/\/www.egemtv.com\/index.php?rest_route=\/wp\/v2\/posts"}],"about":[{"href":"https:\/\/www.egemtv.com\/index.php?rest_route=\/wp\/v2\/types\/post"}],"author":[{"embeddable":true,"href":"https:\/\/www.egemtv.com\/index.php?rest_route=\/wp\/v2\/users\/1"}],"replies":[{"embeddable":true,"href":"https:\/\/www.egemtv.com\/index.php?rest_route=%2Fwp%2Fv2%2Fcomments&post=47845"}],"version-history":[{"count":1,"href":"https:\/\/www.egemtv.com\/index.php?rest_route=\/wp\/v2\/posts\/47845\/revisions"}],"predecessor-version":[{"id":47847,"href":"https:\/\/www.egemtv.com\/index.php?rest_route=\/wp\/v2\/posts\/47845\/revisions\/47847"}],"wp:featuredmedia":[{"embeddable":true,"href":"https:\/\/www.egemtv.com\/index.php?rest_route=\/wp\/v2\/media\/47846"}],"wp:attachment":[{"href":"https:\/\/www.egemtv.com\/index.php?rest_route=%2Fwp%2Fv2%2Fmedia&parent=47845"}],"wp:term":[{"taxonomy":"category","embeddable":true,"href":"https:\/\/www.egemtv.com\/index.php?rest_route=%2Fwp%2Fv2%2Fcategories&post=47845"},{"taxonomy":"post_tag","embeddable":true,"href":"https:\/\/www.egemtv.com\/index.php?rest_route=%2Fwp%2Fv2%2Ftags&post=47845"}],"curies":[{"name":"wp","href":"https:\/\/api.w.org\/{rel}","templated":true}]}}