{"id":47842,"date":"2025-08-10T13:14:44","date_gmt":"2025-08-10T10:14:44","guid":{"rendered":"https:\/\/www.egemtv.com\/?p=47842"},"modified":"2025-08-10T13:14:45","modified_gmt":"2025-08-10T10:14:45","slug":"kene-ile-mucadele-icin-dogaya-200-cil-keklik-salindi","status":"publish","type":"post","link":"https:\/\/www.egemtv.com\/?p=47842","title":{"rendered":"Kene ile m\u00fccadele i\u00e7in do\u011faya 200 \u00e7il keklik sal\u0131nd\u0131"},"content":{"rendered":"<p>Isparta Do\u011fa Koruma ve Milli Parklar ekipleri, yaban hayat\u0131 pop\u00fclasyonunu g\u00fc\u00e7lendirmek ve kene pop\u00fclasyonunu kontrol alt\u0131na almak amac\u0131yla do\u011faya 200 \u00e7il keklik b\u0131rakt\u0131.<br \/>\n<br \/>Isparta Do\u011fa Koruma ve Milli Parklar ekipleri taraf\u0131ndan, merkeze ba\u011fl\u0131 k\u00f6y s\u0131n\u0131rlar\u0131nda yap\u0131lan do\u011fa koruma \u00e7al\u0131\u015fmalar\u0131 kapsam\u0131nda 200 adet \u00e7il keklik do\u011faya sal\u0131nd\u0131. Afyonkarahisar\u2019\u0131n \u015euhut il\u00e7esindeki Keklik \u00dcretim \u0130stasyonu\u2019ndan temin edilen keklikler, ekipler taraf\u0131ndan do\u011fal ya\u015fam alanlar\u0131na b\u0131rak\u0131ld\u0131. Yaban hayat\u0131 pop\u00fclasyonunun g\u00fc\u00e7lendirilmesi amac\u0131yla ger\u00e7ekle\u015ftirilen sal\u0131m\u0131n, ekosistem dengesine katk\u0131 sa\u011flamas\u0131 bekleniyor. Kekliklerin varl\u0131\u011f\u0131n\u0131n, y\u0131rt\u0131c\u0131 bask\u0131s\u0131n\u0131 azaltarak ekolojik dengeyi korumaya yard\u0131mc\u0131 olaca\u011f\u0131 ifade edildi.<\/p>\n<p>Kene pop\u00fclasyonunun do\u011fal yollarla kontrol alt\u0131na al\u0131nmas\u0131 hedefleniyor<br \/>\n<br \/>Ayr\u0131ca, \u00e7il kekliklerin sal\u0131n\u0131m\u0131yla kene pop\u00fclasyonunun do\u011fal yollarla kontrol alt\u0131na al\u0131nmas\u0131n\u0131n hedeflendi\u011fi belirtildi. Bu \u00e7al\u0131\u015fman\u0131n, b\u00f6lgedeki biyo\u00e7e\u015fitlili\u011fin desteklenmesinin yan\u0131 s\u0131ra sa\u011fl\u0131k a\u00e7\u0131s\u0131ndan tehdit olu\u015fturan kenelerin yay\u0131lmas\u0131n\u0131n \u00f6nlenmesine katk\u0131 sa\u011flayaca\u011f\u0131 kaydedildi.<br \/><\/p>\n","protected":false},"excerpt":{"rendered":"<p>Isparta Do\u011fa Koruma ve Milli Parklar ekipleri, yaban hayat\u0131 pop\u00fclasyonunu g\u00fc\u00e7lendirmek ve kene pop\u00fclasyonunu kontrol alt\u0131na almak amac\u0131yla do\u011faya 200 \u00e7il keklik b\u0131rakt\u0131. Isparta Do\u011fa Koruma ve Milli Parklar ekipleri taraf\u0131ndan, merkeze ba\u011fl\u0131 k\u00f6y s\u0131n\u0131rlar\u0131nda yap\u0131lan do\u011fa koruma \u00e7al\u0131\u015fmalar\u0131 kapsam\u0131nda 200 adet \u00e7il keklik do\u011faya sal\u0131nd\u0131. Afyonkarahisar\u2019\u0131n \u015euhut il\u00e7esindeki Keklik \u00dcretim \u0130stasyonu\u2019ndan temin edilen keklikler,&#8230;<\/p>\n","protected":false},"author":1,"featured_media":47843,"comment_status":"open","ping_status":"open","sticky":false,"template":"","format":"standard","meta":{"_crdt_document":"","footnotes":""},"categories":[1],"tags":[],"class_list":["post-47842","post","type-post","status-publish","format-standard","has-post-thumbnail","hentry","category-guncel"],"_links":{"self":[{"href":"https:\/\/www.egemtv.com\/index.php?rest_route=\/wp\/v2\/posts\/47842","targetHints":{"allow":["GET"]}}],"collection":[{"href":"https:\/\/www.egemtv.com\/index.php?rest_route=\/wp\/v2\/posts"}],"about":[{"href":"https:\/\/www.egemtv.com\/index.php?rest_route=\/wp\/v2\/types\/post"}],"author":[{"embeddable":true,"href":"https:\/\/www.egemtv.com\/index.php?rest_route=\/wp\/v2\/users\/1"}],"replies":[{"embeddable":true,"href":"https:\/\/www.egemtv.com\/index.php?rest_route=%2Fwp%2Fv2%2Fcomments&post=47842"}],"version-history":[{"count":1,"href":"https:\/\/www.egemtv.com\/index.php?rest_route=\/wp\/v2\/posts\/47842\/revisions"}],"predecessor-version":[{"id":47844,"href":"https:\/\/www.egemtv.com\/index.php?rest_route=\/wp\/v2\/posts\/47842\/revisions\/47844"}],"wp:featuredmedia":[{"embeddable":true,"href":"https:\/\/www.egemtv.com\/index.php?rest_route=\/wp\/v2\/media\/47843"}],"wp:attachment":[{"href":"https:\/\/www.egemtv.com\/index.php?rest_route=%2Fwp%2Fv2%2Fmedia&parent=47842"}],"wp:term":[{"taxonomy":"category","embeddable":true,"href":"https:\/\/www.egemtv.com\/index.php?rest_route=%2Fwp%2Fv2%2Fcategories&post=47842"},{"taxonomy":"post_tag","embeddable":true,"href":"https:\/\/www.egemtv.com\/index.php?rest_route=%2Fwp%2Fv2%2Ftags&post=47842"}],"curies":[{"name":"wp","href":"https:\/\/api.w.org\/{rel}","templated":true}]}}