{"id":47839,"date":"2025-08-10T12:35:02","date_gmt":"2025-08-10T09:35:02","guid":{"rendered":"https:\/\/www.egemtv.com\/?p=47839"},"modified":"2025-08-10T12:35:03","modified_gmt":"2025-08-10T09:35:03","slug":"kuyucakta-motosiklet-hirsizlari-tutuklandi","status":"publish","type":"post","link":"https:\/\/www.egemtv.com\/?p=47839","title":{"rendered":"Kuyucak\u2019ta motosiklet h\u0131rs\u0131zlar\u0131 tutukland\u0131"},"content":{"rendered":"<p>Ayd\u0131n\u2019\u0131n Kuyucak il\u00e7esinde ger\u00e7ekle\u015fen motosiklet h\u0131rs\u0131zl\u0131\u011f\u0131 olaylar\u0131yla ilgili \u00e7al\u0131\u015fmalar sonucunda 5 \u015f\u00fcpheli yakalan\u0131rken, 4 \u00e7al\u0131nt\u0131 motosiklet de ele ge\u00e7irildi.<\/p>\n<p>Kuyucak \u0130l\u00e7e Emniyet M\u00fcd\u00fcrl\u00fc\u011f\u00fc ekipleri taraf\u0131ndan 29 Temmuz &#8211; 2 A\u011fustos tarihleri aras\u0131nda ger\u00e7ekle\u015fen motosiklet h\u0131rs\u0131zl\u0131klar\u0131na y\u00f6nelik y\u00fcr\u00fct\u00fclen soru\u015fturmada, h\u0131rs\u0131zl\u0131k olaylar\u0131n\u0131n faili olduklar\u0131 belirlenen 5 ki\u015fi g\u00f6zalt\u0131na al\u0131nd\u0131. \u015e\u00fcphelilerden 3\u2019\u00fc, emniyetteki i\u015flemlerinin ard\u0131ndan adli makamlara sevk edildi. Adliyede hakim kar\u015f\u0131s\u0131na \u00e7\u0131kart\u0131lan 3 \u015f\u00fcpheli tutuklanarak cezaevine g\u00f6nderildi.<br \/><\/p>\n","protected":false},"excerpt":{"rendered":"<p>Ayd\u0131n\u2019\u0131n Kuyucak il\u00e7esinde ger\u00e7ekle\u015fen motosiklet h\u0131rs\u0131zl\u0131\u011f\u0131 olaylar\u0131yla ilgili \u00e7al\u0131\u015fmalar sonucunda 5 \u015f\u00fcpheli yakalan\u0131rken, 4 \u00e7al\u0131nt\u0131 motosiklet de ele ge\u00e7irildi. Kuyucak \u0130l\u00e7e Emniyet M\u00fcd\u00fcrl\u00fc\u011f\u00fc ekipleri taraf\u0131ndan 29 Temmuz &#8211; 2 A\u011fustos tarihleri aras\u0131nda ger\u00e7ekle\u015fen motosiklet h\u0131rs\u0131zl\u0131klar\u0131na y\u00f6nelik y\u00fcr\u00fct\u00fclen soru\u015fturmada, h\u0131rs\u0131zl\u0131k olaylar\u0131n\u0131n faili olduklar\u0131 belirlenen 5 ki\u015fi g\u00f6zalt\u0131na al\u0131nd\u0131. \u015e\u00fcphelilerden 3\u2019\u00fc, emniyetteki i\u015flemlerinin ard\u0131ndan adli makamlara sevk&#8230;<\/p>\n","protected":false},"author":1,"featured_media":47840,"comment_status":"open","ping_status":"open","sticky":false,"template":"","format":"standard","meta":{"_crdt_document":"","footnotes":""},"categories":[5],"tags":[],"class_list":["post-47839","post","type-post","status-publish","format-standard","has-post-thumbnail","hentry","category-asayis"],"_links":{"self":[{"href":"https:\/\/www.egemtv.com\/index.php?rest_route=\/wp\/v2\/posts\/47839","targetHints":{"allow":["GET"]}}],"collection":[{"href":"https:\/\/www.egemtv.com\/index.php?rest_route=\/wp\/v2\/posts"}],"about":[{"href":"https:\/\/www.egemtv.com\/index.php?rest_route=\/wp\/v2\/types\/post"}],"author":[{"embeddable":true,"href":"https:\/\/www.egemtv.com\/index.php?rest_route=\/wp\/v2\/users\/1"}],"replies":[{"embeddable":true,"href":"https:\/\/www.egemtv.com\/index.php?rest_route=%2Fwp%2Fv2%2Fcomments&post=47839"}],"version-history":[{"count":1,"href":"https:\/\/www.egemtv.com\/index.php?rest_route=\/wp\/v2\/posts\/47839\/revisions"}],"predecessor-version":[{"id":47841,"href":"https:\/\/www.egemtv.com\/index.php?rest_route=\/wp\/v2\/posts\/47839\/revisions\/47841"}],"wp:featuredmedia":[{"embeddable":true,"href":"https:\/\/www.egemtv.com\/index.php?rest_route=\/wp\/v2\/media\/47840"}],"wp:attachment":[{"href":"https:\/\/www.egemtv.com\/index.php?rest_route=%2Fwp%2Fv2%2Fmedia&parent=47839"}],"wp:term":[{"taxonomy":"category","embeddable":true,"href":"https:\/\/www.egemtv.com\/index.php?rest_route=%2Fwp%2Fv2%2Fcategories&post=47839"},{"taxonomy":"post_tag","embeddable":true,"href":"https:\/\/www.egemtv.com\/index.php?rest_route=%2Fwp%2Fv2%2Ftags&post=47839"}],"curies":[{"name":"wp","href":"https:\/\/api.w.org\/{rel}","templated":true}]}}