{"id":47836,"date":"2025-08-10T12:35:01","date_gmt":"2025-08-10T09:35:01","guid":{"rendered":"https:\/\/www.egemtv.com\/?p=47836"},"modified":"2025-08-10T12:35:02","modified_gmt":"2025-08-10T09:35:02","slug":"aydinda-yaz-spor-okullari-dolu-dolu-geciyor","status":"publish","type":"post","link":"https:\/\/www.egemtv.com\/?p=47836","title":{"rendered":"Ayd\u0131n\u2019da yaz spor okullar\u0131 dolu dolu ge\u00e7iyor"},"content":{"rendered":"<p>Ayd\u0131n\u2019da Gen\u00e7lik ve Spor \u0130l M\u00fcd\u00fcrl\u00fc\u011f\u00fc taraf\u0131ndan d\u00fczenlenen yaz spor okullar\u0131nda, gen\u00e7ler hem e\u011fleniyor hem de yeni spor bran\u015flar\u0131n\u0131 \u00f6\u011frenme f\u0131rsat\u0131 buluyor.<\/p>\n<p>Ayd\u0131n\u2019da yaz spor okullar\u0131nda \u00e7ocuklar ve gen\u00e7ler, deneyimli antren\u00f6rler e\u015fli\u011finde futbol, basketbol, voleybol, y\u00fczme, tenis gibi \u00e7e\u015fitli bran\u015flarda e\u011fitim al\u0131yor. Sporun yan\u0131 s\u0131ra disiplin, tak\u0131m ruhu ve sa\u011fl\u0131kl\u0131 ya\u015fam bilinci kazand\u0131rmaya da odaklan\u0131lan ve farkl\u0131 ya\u015f gruplar\u0131na hitap eden kurslarda, \u00e7ocuk ve gen\u00e7lerin yaz tatilini verimli ge\u00e7irmesi hedefleniyor. Ayd\u0131n Gen\u00e7lik ve Spor \u0130l M\u00fcd\u00fcr\u00fc Serhat Y\u0131\u011fmatepe yaz spor okullar\u0131na ilginin yo\u011fun oldu\u011funu belirterek, &#8220;Yaz spor okullar\u0131m\u0131zda heyecan s\u00fcr\u00fcyor. Gen\u00e7lerimiz hem e\u011fleniyor hem \u00f6\u011freniyor. Bu yaz da spora doyaca\u011f\u0131z&#8221; dedi.<br \/><\/p>\n","protected":false},"excerpt":{"rendered":"<p>Ayd\u0131n\u2019da Gen\u00e7lik ve Spor \u0130l M\u00fcd\u00fcrl\u00fc\u011f\u00fc taraf\u0131ndan d\u00fczenlenen yaz spor okullar\u0131nda, gen\u00e7ler hem e\u011fleniyor hem de yeni spor bran\u015flar\u0131n\u0131 \u00f6\u011frenme f\u0131rsat\u0131 buluyor. Ayd\u0131n\u2019da yaz spor okullar\u0131nda \u00e7ocuklar ve gen\u00e7ler, deneyimli antren\u00f6rler e\u015fli\u011finde futbol, basketbol, voleybol, y\u00fczme, tenis gibi \u00e7e\u015fitli bran\u015flarda e\u011fitim al\u0131yor. Sporun yan\u0131 s\u0131ra disiplin, tak\u0131m ruhu ve sa\u011fl\u0131kl\u0131 ya\u015fam bilinci kazand\u0131rmaya da odaklan\u0131lan&#8230;<\/p>\n","protected":false},"author":1,"featured_media":47837,"comment_status":"open","ping_status":"open","sticky":false,"template":"","format":"standard","meta":{"_crdt_document":"","footnotes":""},"categories":[4],"tags":[],"class_list":["post-47836","post","type-post","status-publish","format-standard","has-post-thumbnail","hentry","category-spor"],"_links":{"self":[{"href":"https:\/\/www.egemtv.com\/index.php?rest_route=\/wp\/v2\/posts\/47836","targetHints":{"allow":["GET"]}}],"collection":[{"href":"https:\/\/www.egemtv.com\/index.php?rest_route=\/wp\/v2\/posts"}],"about":[{"href":"https:\/\/www.egemtv.com\/index.php?rest_route=\/wp\/v2\/types\/post"}],"author":[{"embeddable":true,"href":"https:\/\/www.egemtv.com\/index.php?rest_route=\/wp\/v2\/users\/1"}],"replies":[{"embeddable":true,"href":"https:\/\/www.egemtv.com\/index.php?rest_route=%2Fwp%2Fv2%2Fcomments&post=47836"}],"version-history":[{"count":1,"href":"https:\/\/www.egemtv.com\/index.php?rest_route=\/wp\/v2\/posts\/47836\/revisions"}],"predecessor-version":[{"id":47838,"href":"https:\/\/www.egemtv.com\/index.php?rest_route=\/wp\/v2\/posts\/47836\/revisions\/47838"}],"wp:featuredmedia":[{"embeddable":true,"href":"https:\/\/www.egemtv.com\/index.php?rest_route=\/wp\/v2\/media\/47837"}],"wp:attachment":[{"href":"https:\/\/www.egemtv.com\/index.php?rest_route=%2Fwp%2Fv2%2Fmedia&parent=47836"}],"wp:term":[{"taxonomy":"category","embeddable":true,"href":"https:\/\/www.egemtv.com\/index.php?rest_route=%2Fwp%2Fv2%2Fcategories&post=47836"},{"taxonomy":"post_tag","embeddable":true,"href":"https:\/\/www.egemtv.com\/index.php?rest_route=%2Fwp%2Fv2%2Ftags&post=47836"}],"curies":[{"name":"wp","href":"https:\/\/api.w.org\/{rel}","templated":true}]}}