{"id":47833,"date":"2025-08-10T12:15:53","date_gmt":"2025-08-10T09:15:53","guid":{"rendered":"https:\/\/www.egemtv.com\/?p=47833"},"modified":"2025-08-10T12:15:54","modified_gmt":"2025-08-10T09:15:54","slug":"golde-goruntulenen-flamingolar-gorsel-solen-olusturdu","status":"publish","type":"post","link":"https:\/\/www.egemtv.com\/?p=47833","title":{"rendered":"G\u00f6lde g\u00f6r\u00fcnt\u00fclenen flamingolar g\u00f6rsel \u015f\u00f6len olu\u015fturdu"},"content":{"rendered":"<p>Afyonkarahisar\u2019da bir g\u00f6lde flamingo s\u00fcr\u00fcs\u00fc g\u00f6r\u00fcnt\u00fclenirken nadir g\u00f6r\u00fcnen bu hayvanlar adeta g\u00f6rsel \u015f\u00f6len olu\u015fturdu.<br \/>\n<br \/>\u00c7ay il\u00e7esine ba\u011fl\u0131 Eber k\u00f6y\u00fcnde bulunan Eber g\u00f6l\u00fcnde flamingolar havadan dron ile g\u00f6r\u00fcnt\u00fclendi. Say\u0131lar\u0131 y\u00fczlerce olan bu hayvanlar s\u00fcr\u00fc olarak g\u00f6lde gezindi. Ayr\u0131ca nadir olarak g\u00f6r\u00fclen bu hayvanlar ortaya adeta g\u00f6rsel bir \u015f\u00f6len olu\u015fturdu. Ayr\u0131ca pembe renkleriyle \u00fcnl\u00fc olan bu canl\u0131lar o esnada g\u00f6l\u00fcn yak\u0131n\u0131ndan ge\u00e7en vatanda\u015flar\u0131n dikkatini \u00e7ekti.<br \/><\/p>\n","protected":false},"excerpt":{"rendered":"<p>Afyonkarahisar\u2019da bir g\u00f6lde flamingo s\u00fcr\u00fcs\u00fc g\u00f6r\u00fcnt\u00fclenirken nadir g\u00f6r\u00fcnen bu hayvanlar adeta g\u00f6rsel \u015f\u00f6len olu\u015fturdu. \u00c7ay il\u00e7esine ba\u011fl\u0131 Eber k\u00f6y\u00fcnde bulunan Eber g\u00f6l\u00fcnde flamingolar havadan dron ile g\u00f6r\u00fcnt\u00fclendi. Say\u0131lar\u0131 y\u00fczlerce olan bu hayvanlar s\u00fcr\u00fc olarak g\u00f6lde gezindi. Ayr\u0131ca nadir olarak g\u00f6r\u00fclen bu hayvanlar ortaya adeta g\u00f6rsel bir \u015f\u00f6len olu\u015fturdu. Ayr\u0131ca pembe renkleriyle \u00fcnl\u00fc olan bu canl\u0131lar&#8230;<\/p>\n","protected":false},"author":1,"featured_media":47834,"comment_status":"open","ping_status":"open","sticky":false,"template":"","format":"standard","meta":{"_crdt_document":"","footnotes":""},"categories":[1],"tags":[],"class_list":["post-47833","post","type-post","status-publish","format-standard","has-post-thumbnail","hentry","category-guncel"],"_links":{"self":[{"href":"https:\/\/www.egemtv.com\/index.php?rest_route=\/wp\/v2\/posts\/47833","targetHints":{"allow":["GET"]}}],"collection":[{"href":"https:\/\/www.egemtv.com\/index.php?rest_route=\/wp\/v2\/posts"}],"about":[{"href":"https:\/\/www.egemtv.com\/index.php?rest_route=\/wp\/v2\/types\/post"}],"author":[{"embeddable":true,"href":"https:\/\/www.egemtv.com\/index.php?rest_route=\/wp\/v2\/users\/1"}],"replies":[{"embeddable":true,"href":"https:\/\/www.egemtv.com\/index.php?rest_route=%2Fwp%2Fv2%2Fcomments&post=47833"}],"version-history":[{"count":1,"href":"https:\/\/www.egemtv.com\/index.php?rest_route=\/wp\/v2\/posts\/47833\/revisions"}],"predecessor-version":[{"id":47835,"href":"https:\/\/www.egemtv.com\/index.php?rest_route=\/wp\/v2\/posts\/47833\/revisions\/47835"}],"wp:featuredmedia":[{"embeddable":true,"href":"https:\/\/www.egemtv.com\/index.php?rest_route=\/wp\/v2\/media\/47834"}],"wp:attachment":[{"href":"https:\/\/www.egemtv.com\/index.php?rest_route=%2Fwp%2Fv2%2Fmedia&parent=47833"}],"wp:term":[{"taxonomy":"category","embeddable":true,"href":"https:\/\/www.egemtv.com\/index.php?rest_route=%2Fwp%2Fv2%2Fcategories&post=47833"},{"taxonomy":"post_tag","embeddable":true,"href":"https:\/\/www.egemtv.com\/index.php?rest_route=%2Fwp%2Fv2%2Ftags&post=47833"}],"curies":[{"name":"wp","href":"https:\/\/api.w.org\/{rel}","templated":true}]}}