{"id":47827,"date":"2025-08-10T11:55:43","date_gmt":"2025-08-10T08:55:43","guid":{"rendered":"https:\/\/www.egemtv.com\/?p=47827"},"modified":"2025-08-10T11:55:44","modified_gmt":"2025-08-10T08:55:44","slug":"yasli-kadin-su-kuyusuna-duserek-oldu","status":"publish","type":"post","link":"https:\/\/www.egemtv.com\/?p=47827","title":{"rendered":"Ya\u015fl\u0131 kad\u0131n su kuyusuna d\u00fc\u015ferek \u00f6ld\u00fc"},"content":{"rendered":"<p>Mu\u011fla\u2019n\u0131n Mente\u015fe il\u00e7esinde 88 ya\u015f\u0131ndaki kad\u0131n su kuyusuna d\u00fc\u015fmesi sonras\u0131 ya\u015fam\u0131n\u0131 yitirdi.<br \/>\n<br \/>Mente\u015fe Yenice Mahallesinde gece saatlerinde 112 Acil \u00c7a\u011fr\u0131 Merkezine yap\u0131lan ihbarda 88 ya\u015f\u0131ndaki bir kad\u0131n\u0131n su kuyusuna d\u00fc\u015ft\u00fc\u011f\u00fc ihbar\u0131 yap\u0131ld\u0131. B\u00f6lgeye Mu\u011fla B\u00fcy\u00fck\u015fehir Belediyesi Mente\u015fe \u0130tfaiye, 112 ambulans ve jandarma ekipleri sevk edildi.<br \/>\n<br \/>\u0130\u00e7inde su bulunan kuyu i\u00e7inde ya\u015fam\u0131n\u0131 yitiren kad\u0131n\u0131n cesedi itfaiye ekipleri taraf\u0131ndan kuyudan \u00e7\u0131kar\u0131ld\u0131.<br \/><\/p>\n","protected":false},"excerpt":{"rendered":"<p>Mu\u011fla\u2019n\u0131n Mente\u015fe il\u00e7esinde 88 ya\u015f\u0131ndaki kad\u0131n su kuyusuna d\u00fc\u015fmesi sonras\u0131 ya\u015fam\u0131n\u0131 yitirdi. Mente\u015fe Yenice Mahallesinde gece saatlerinde 112 Acil \u00c7a\u011fr\u0131 Merkezine yap\u0131lan ihbarda 88 ya\u015f\u0131ndaki bir kad\u0131n\u0131n su kuyusuna d\u00fc\u015ft\u00fc\u011f\u00fc ihbar\u0131 yap\u0131ld\u0131. B\u00f6lgeye Mu\u011fla B\u00fcy\u00fck\u015fehir Belediyesi Mente\u015fe \u0130tfaiye, 112 ambulans ve jandarma ekipleri sevk edildi. \u0130\u00e7inde su bulunan kuyu i\u00e7inde ya\u015fam\u0131n\u0131 yitiren kad\u0131n\u0131n cesedi itfaiye&#8230;<\/p>\n","protected":false},"author":1,"featured_media":47828,"comment_status":"open","ping_status":"open","sticky":false,"template":"","format":"standard","meta":{"_crdt_document":"","footnotes":""},"categories":[5],"tags":[],"class_list":["post-47827","post","type-post","status-publish","format-standard","has-post-thumbnail","hentry","category-asayis"],"_links":{"self":[{"href":"https:\/\/www.egemtv.com\/index.php?rest_route=\/wp\/v2\/posts\/47827","targetHints":{"allow":["GET"]}}],"collection":[{"href":"https:\/\/www.egemtv.com\/index.php?rest_route=\/wp\/v2\/posts"}],"about":[{"href":"https:\/\/www.egemtv.com\/index.php?rest_route=\/wp\/v2\/types\/post"}],"author":[{"embeddable":true,"href":"https:\/\/www.egemtv.com\/index.php?rest_route=\/wp\/v2\/users\/1"}],"replies":[{"embeddable":true,"href":"https:\/\/www.egemtv.com\/index.php?rest_route=%2Fwp%2Fv2%2Fcomments&post=47827"}],"version-history":[{"count":1,"href":"https:\/\/www.egemtv.com\/index.php?rest_route=\/wp\/v2\/posts\/47827\/revisions"}],"predecessor-version":[{"id":47829,"href":"https:\/\/www.egemtv.com\/index.php?rest_route=\/wp\/v2\/posts\/47827\/revisions\/47829"}],"wp:featuredmedia":[{"embeddable":true,"href":"https:\/\/www.egemtv.com\/index.php?rest_route=\/wp\/v2\/media\/47828"}],"wp:attachment":[{"href":"https:\/\/www.egemtv.com\/index.php?rest_route=%2Fwp%2Fv2%2Fmedia&parent=47827"}],"wp:term":[{"taxonomy":"category","embeddable":true,"href":"https:\/\/www.egemtv.com\/index.php?rest_route=%2Fwp%2Fv2%2Fcategories&post=47827"},{"taxonomy":"post_tag","embeddable":true,"href":"https:\/\/www.egemtv.com\/index.php?rest_route=%2Fwp%2Fv2%2Ftags&post=47827"}],"curies":[{"name":"wp","href":"https:\/\/api.w.org\/{rel}","templated":true}]}}