{"id":47821,"date":"2025-08-10T11:35:41","date_gmt":"2025-08-10T08:35:41","guid":{"rendered":"https:\/\/www.egemtv.com\/?p=47821"},"modified":"2025-08-10T11:35:42","modified_gmt":"2025-08-10T08:35:42","slug":"buldanda-uzum-baglarinda-hasat-basladi","status":"publish","type":"post","link":"https:\/\/www.egemtv.com\/?p=47821","title":{"rendered":"Buldan\u2019da \u00fcz\u00fcm ba\u011flar\u0131nda hasat ba\u015flad\u0131"},"content":{"rendered":"<p>Denizli\u2019nin Buldan il\u00e7esinin ovas\u0131nda bulunan \u00fcz\u00fcm ba\u011flar\u0131nda hasat \u00e7al\u0131\u015fmalar\u0131 t\u00fcm h\u0131z\u0131yla s\u00fcr\u00fcyor. Yakla\u015f\u0131k 45 bin dekar alanda 65 bin ton rekolte elde ettiklerini ve bir\u00e7ok b\u00f6lgeye sevk edildi\u011fi ifade eden \u00fcz\u00fcm yeti\u015ftiricisi Ahmet Boynikar, &#8220;\u00dcz\u00fcmler yurt i\u00e7i pazarlar\u0131n yan\u0131 s\u0131ra Rusya, Avrupa ve Arap \u00fclkelerine ihra\u00e7 ediliyor. B\u00f6lge, \u00f6zellikle \u00e7ekirdeksiz Sultaniye, S\u00fcperior ve Razaki \u00fcz\u00fcm\u00fcyle \u00f6ne \u00e7\u0131k\u0131yor&#8221; dedi.<\/p>\n<p>Denizli\u2019nin Buldan il\u00e7esinin Yenicekent, O\u011fuz, Do\u011fan ve B\u00f6lmekaya Mahallelerinde bulunan \u00fcz\u00fcm ba\u011flar\u0131nda hasat i\u015flemi ba\u015flad\u0131. Sabah\u0131n erken saatlerinde ba\u011flara giren ba\u011f sahipleri, \u00fcz\u00fcm kesicileri, ta\u015f\u0131y\u0131c\u0131lar, kasa yerle\u015ftiricileri ve t\u00fcccarlar s\u0131cak havaya ra\u011fmen yo\u011fun bir mesainin i\u00e7ine giriyor. Buldanl\u0131 \u00fcreticiler, hasat etti\u011fi \u00fcz\u00fcmleri Karadeniz ve Marmara, \u0130\u00e7 Anadolu b\u00f6lgesinde sevk ettiklerini ayr\u0131ca ihracatta Rusya, Avrupa \u00fclkeleri ve Arap \u00fclkelerini g\u00f6nderdiklerini belirtti.<\/p>\n<p>&#8220;Yakla\u015f\u0131k 45 bin dekar alanda 65 bin ton ya\u015f \u00fcz\u00fcm rekoltemiz var&#8221;<br \/>\n<br \/>Do\u011fan Mahalle muhtar\u0131 ve \u00fcz\u00fcm yeti\u015ftiricisi Ahmet Boynikar, bahar aylar\u0131nda g\u00f6r\u00fclen so\u011fuk havaya ve ya\u011fan doluya ra\u011fmen g\u00fczel bir \u00fcretim sezonu ge\u00e7irdiklerini belirterek, &#8220;B\u00f6lgemiz di\u011fer yerlere nazaran kalite ve verim y\u00f6n\u00fcnden \u00fcst d\u00fczeyde \u00fcr\u00fcn elde edilen bir b\u00f6lge. Yakla\u015f\u0131k k\u0131rkbe\u015fbin dekar alanda altm\u0131\u015f be\u015f bin ton ya\u015f \u00fcz\u00fcm rekoltemiz var. Turfanda olarak \u00e7ekirdeksiz Sultaniye \u00fcz\u00fcm\u00fcn ba\u015fkenti diyebiliriz. Ayr\u0131ca \u015fu anda S\u00fcperior ve Razaki \u00fcz\u00fcmlerimizde organik olarak yeti\u015ftiriliyor. Razaki \u00fcz\u00fcm \u00e7e\u015fidimizde y\u0131llardan beri b\u00fcy\u00fck ilgi g\u00f6r\u00fcyor&#8221; dedi.<\/p>\n<p>&#8220;T\u00fcrkiye\u2019nin her noktas\u0131na g\u00f6nderiyoruz ve ihracatta Rusya, Avrupa ve Arap \u00fclkelerine g\u00f6nderiyoruz&#8221;<br \/>\n<br \/>T\u00fcrkiye\u2019nin her b\u00f6lgesini sevk ettiklerini ve bir\u00e7ok \u00fclkeye ihracat ettiklerini belirten Boynikar, &#8220;\u0130\u00e7erisinde tek \u00e7ekirdek olup yemesi \u00e7ok keyiflidir. Ayr\u0131ca \u015feker oran\u0131 d\u00fc\u015f\u00fck olmas\u0131 nedeniyle tercih edilmektedir. Al\u0131c\u0131lar \u015fu anda genellikle Karadeniz ve Marmara, \u0130\u00e7 Anadolu B\u00f6lgelerimize \u00fcz\u00fcmleri sevk ediyorlar. \u0130hracatta ise Rusya, Avrupa ve Arap \u00fclkelerine g\u00f6nderiliyor.  T\u00fcm \u00fcreticilerimize bereketli bir hasat sezonu temenni ediyorum&#8221; diye konu\u015ftu.<\/p>\n<p>&#8220;Buldan \u00fcz\u00fcm\u00fc t\u00fcm T\u00fcrkiye\u2019ye ad\u0131n\u0131 duyurmu\u015f bir yer&#8221;<br \/>\n<br \/>Samsun b\u00f6lgesinden Buldan\u2019a her y\u0131l gelerek toptan \u00fcz\u00fcm ald\u0131\u011f\u0131n\u0131 belirten t\u00fcccar Mehmet Ayd\u0131n\u2019da &#8221; Buldan \u00fcz\u00fcm\u00fc t\u00fcm T\u00fcrkiye\u2019ye ad\u0131n\u0131 duyurmu\u015f bir yer. Ben buradan ald\u0131\u011f\u0131m \u00fcz\u00fcm\u00fc Karadeniz b\u00f6lgesine sevk ediyorum. T\u00fcm \u00fcreticilerimizle birlikte bizim ve vatanda\u015flar\u0131m\u0131z\u0131n y\u00fcz\u00fcn\u00fcn g\u00fcld\u00fc\u011f\u00fc bir sezon olmas\u0131n\u0131 diliyorum&#8221; dedi.<br \/><\/p>\n","protected":false},"excerpt":{"rendered":"<p>Denizli\u2019nin Buldan il\u00e7esinin ovas\u0131nda bulunan \u00fcz\u00fcm ba\u011flar\u0131nda hasat \u00e7al\u0131\u015fmalar\u0131 t\u00fcm h\u0131z\u0131yla s\u00fcr\u00fcyor. Yakla\u015f\u0131k 45 bin dekar alanda 65 bin ton rekolte elde ettiklerini ve bir\u00e7ok b\u00f6lgeye sevk edildi\u011fi ifade eden \u00fcz\u00fcm yeti\u015ftiricisi Ahmet Boynikar, &#8220;\u00dcz\u00fcmler yurt i\u00e7i pazarlar\u0131n yan\u0131 s\u0131ra Rusya, Avrupa ve Arap \u00fclkelerine ihra\u00e7 ediliyor. B\u00f6lge, \u00f6zellikle \u00e7ekirdeksiz Sultaniye, S\u00fcperior ve Razaki \u00fcz\u00fcm\u00fcyle&#8230;<\/p>\n","protected":false},"author":1,"featured_media":47822,"comment_status":"open","ping_status":"open","sticky":false,"template":"","format":"standard","meta":{"_crdt_document":"","footnotes":""},"categories":[1],"tags":[],"class_list":["post-47821","post","type-post","status-publish","format-standard","has-post-thumbnail","hentry","category-guncel"],"_links":{"self":[{"href":"https:\/\/www.egemtv.com\/index.php?rest_route=\/wp\/v2\/posts\/47821","targetHints":{"allow":["GET"]}}],"collection":[{"href":"https:\/\/www.egemtv.com\/index.php?rest_route=\/wp\/v2\/posts"}],"about":[{"href":"https:\/\/www.egemtv.com\/index.php?rest_route=\/wp\/v2\/types\/post"}],"author":[{"embeddable":true,"href":"https:\/\/www.egemtv.com\/index.php?rest_route=\/wp\/v2\/users\/1"}],"replies":[{"embeddable":true,"href":"https:\/\/www.egemtv.com\/index.php?rest_route=%2Fwp%2Fv2%2Fcomments&post=47821"}],"version-history":[{"count":1,"href":"https:\/\/www.egemtv.com\/index.php?rest_route=\/wp\/v2\/posts\/47821\/revisions"}],"predecessor-version":[{"id":47823,"href":"https:\/\/www.egemtv.com\/index.php?rest_route=\/wp\/v2\/posts\/47821\/revisions\/47823"}],"wp:featuredmedia":[{"embeddable":true,"href":"https:\/\/www.egemtv.com\/index.php?rest_route=\/wp\/v2\/media\/47822"}],"wp:attachment":[{"href":"https:\/\/www.egemtv.com\/index.php?rest_route=%2Fwp%2Fv2%2Fmedia&parent=47821"}],"wp:term":[{"taxonomy":"category","embeddable":true,"href":"https:\/\/www.egemtv.com\/index.php?rest_route=%2Fwp%2Fv2%2Fcategories&post=47821"},{"taxonomy":"post_tag","embeddable":true,"href":"https:\/\/www.egemtv.com\/index.php?rest_route=%2Fwp%2Fv2%2Ftags&post=47821"}],"curies":[{"name":"wp","href":"https:\/\/api.w.org\/{rel}","templated":true}]}}